{"id":80009,"date":"2026-01-11T17:34:44","date_gmt":"2026-01-11T14:34:44","guid":{"rendered":"https:\/\/www.egemtv.com\/?p=80009"},"modified":"2026-01-11T17:34:45","modified_gmt":"2026-01-11T14:34:45","slug":"aspiratorden-cikan-yangin-panikletti","status":"publish","type":"post","link":"https:\/\/www.egemtv.com\/?p=80009","title":{"rendered":"Aspirat\u00f6rden \u00e7\u0131kan yang\u0131n panikletti"},"content":{"rendered":"<p>Ayd\u0131n\u2019\u0131n Efeler il\u00e7esinde bir evin mutfa\u011f\u0131ndaki aspirat\u00f6rden kaynaklanan yang\u0131nda maddi hasar meydana geldi.<br \/>\n<br \/>Yang\u0131n, Me\u015frutiyet Mahallesi 2057 sokak \u00fczerindeki bir apartman\u0131n 3\u2019\u00fcnc\u00fc kat\u0131nda saat 16.30 s\u0131ralar\u0131nda meydana geldi. Edinilen bilgiye g\u00f6re, A.\u015e.\u2019ye ait evin mutfa\u011f\u0131nda hen\u00fcz bilinmeyen bir nedenle yang\u0131n \u00e7\u0131kt\u0131. Aspirat\u00f6rden yo\u011fun duman ve alevlerin y\u00fckseldi\u011fini fark eden ev sahibi durumu 112 Acil \u00c7a\u011fr\u0131 Merkezi\u2019ne bildirdi. \u0130hbar \u00fczerine b\u00f6lgeye sa\u011fl\u0131k ve polis ekipleri sevk edildi. K\u0131sa s\u00fcrede olay yerine gelen Ayd\u0131n B\u00fcy\u00fck\u015fehir Belediyesi \u0130tfaiye Daire Ba\u015fkanl\u0131\u011f\u0131 ekipleri yang\u0131na m\u00fcdahale etti. Ekiplerin m\u00fcdahalesi sonucu yang\u0131n kontrol alt\u0131na al\u0131nd\u0131. Yang\u0131nda evde maddi hasar meydana geldi.<br \/>\n<br \/>Olayla ilgili soru\u015fturma s\u00fcr\u00fcyor.<br \/><\/p>\n","protected":false},"excerpt":{"rendered":"<p>Ayd\u0131n\u2019\u0131n Efeler il\u00e7esinde bir evin mutfa\u011f\u0131ndaki aspirat\u00f6rden kaynaklanan yang\u0131nda maddi hasar meydana geldi. Yang\u0131n, Me\u015frutiyet Mahallesi 2057 sokak \u00fczerindeki bir apartman\u0131n 3\u2019\u00fcnc\u00fc kat\u0131nda saat 16.30 s\u0131ralar\u0131nda meydana geldi. Edinilen bilgiye g\u00f6re, A.\u015e.\u2019ye ait evin mutfa\u011f\u0131nda hen\u00fcz bilinmeyen bir nedenle yang\u0131n \u00e7\u0131kt\u0131. Aspirat\u00f6rden yo\u011fun duman ve alevlerin y\u00fckseldi\u011fini fark eden ev sahibi durumu 112 Acil \u00c7a\u011fr\u0131&#8230;<\/p>\n","protected":false},"author":1,"featured_media":80010,"comment_status":"open","ping_status":"open","sticky":false,"template":"","format":"standard","meta":{"_crdt_document":"","footnotes":""},"categories":[5],"tags":[],"class_list":["post-80009","post","type-post","status-publish","format-standard","has-post-thumbnail","hentry","category-asayis"],"_links":{"self":[{"href":"https:\/\/www.egemtv.com\/index.php?rest_route=\/wp\/v2\/posts\/80009","targetHints":{"allow":["GET"]}}],"collection":[{"href":"https:\/\/www.egemtv.com\/index.php?rest_route=\/wp\/v2\/posts"}],"about":[{"href":"https:\/\/www.egemtv.com\/index.php?rest_route=\/wp\/v2\/types\/post"}],"author":[{"embeddable":true,"href":"https:\/\/www.egemtv.com\/index.php?rest_route=\/wp\/v2\/users\/1"}],"replies":[{"embeddable":true,"href":"https:\/\/www.egemtv.com\/index.php?rest_route=%2Fwp%2Fv2%2Fcomments&post=80009"}],"version-history":[{"count":1,"href":"https:\/\/www.egemtv.com\/index.php?rest_route=\/wp\/v2\/posts\/80009\/revisions"}],"predecessor-version":[{"id":80011,"href":"https:\/\/www.egemtv.com\/index.php?rest_route=\/wp\/v2\/posts\/80009\/revisions\/80011"}],"wp:featuredmedia":[{"embeddable":true,"href":"https:\/\/www.egemtv.com\/index.php?rest_route=\/wp\/v2\/media\/80010"}],"wp:attachment":[{"href":"https:\/\/www.egemtv.com\/index.php?rest_route=%2Fwp%2Fv2%2Fmedia&parent=80009"}],"wp:term":[{"taxonomy":"category","embeddable":true,"href":"https:\/\/www.egemtv.com\/index.php?rest_route=%2Fwp%2Fv2%2Fcategories&post=80009"},{"taxonomy":"post_tag","embeddable":true,"href":"https:\/\/www.egemtv.com\/index.php?rest_route=%2Fwp%2Fv2%2Ftags&post=80009"}],"curies":[{"name":"wp","href":"https:\/\/api.w.org\/{rel}","templated":true}]}}