{"id":80006,"date":"2026-01-11T16:54:58","date_gmt":"2026-01-11T13:54:58","guid":{"rendered":"https:\/\/www.egemtv.com\/?p=80006"},"modified":"2026-01-11T16:54:59","modified_gmt":"2026-01-11T13:54:59","slug":"otomobil-ile-carpisan-motosiklet-surucusunun-bacagi-kirildi","status":"publish","type":"post","link":"https:\/\/www.egemtv.com\/?p=80006","title":{"rendered":"Otomobil ile \u00e7arp\u0131\u015fan motosiklet s\u00fcr\u00fcc\u00fcs\u00fcn\u00fcn baca\u011f\u0131 k\u0131r\u0131ld\u0131"},"content":{"rendered":"<p>Ayd\u0131n\u2019\u0131n Ku\u015fadas\u0131 il\u00e7esinde otomobil ile motosikletin \u00e7arp\u0131\u015fmas\u0131 sonucu meydana gelen kazada motosiklet s\u00fcr\u00fcc\u00fcs\u00fc yaraland\u0131.<\/p>\n<p>Kaza, \u0130ki\u00e7e\u015fmelik Mahallesi \u015e\u00fckr\u00fc K\u00fc\u00e7\u00fck Caddesi \u00fczerinde saat 15.00 s\u0131ralar\u0131nda meydana geldi. Edinilen bilgiye g\u00f6re, cadde \u00fczerinde seyir halinde olan 09 K 6580 plakal\u0131 otomobil ile tali yoldan \u00e7\u0131kan ve kayganla\u015fan zeminde direksiyon hakimiyetini kaybeden G.D. idaresindeki 09 ALD 575 plakal\u0131 motosiklet \u00e7arp\u0131\u015ft\u0131. \u0130hbar \u00fczerine b\u00f6lgeye sa\u011fl\u0131k ve polis ekipleri sevk edildi. K\u0131sa s\u00fcrede olay yerine gelen sa\u011fl\u0131k ekiplerince yap\u0131lan ilk kontrollerde motosiklet s\u00fcr\u00fcc\u00fcs\u00fc G.D.\u2019nin sol baca\u011f\u0131n\u0131n k\u0131r\u0131ld\u0131\u011f\u0131 belirlendi. Yaral\u0131 s\u00fcr\u00fcc\u00fc ambulansla Ku\u015fadas\u0131 Devlet Hastanesi\u2019ne kald\u0131r\u0131larak tedavi alt\u0131na al\u0131nd\u0131. G.D.\u2019nin hayati tehlikesinin bulunmad\u0131\u011f\u0131 \u00f6\u011frenildi.<\/p>\n<p>Kazayla ilgili soru\u015fturma s\u00fcr\u00fcyor.<br \/><\/p>\n","protected":false},"excerpt":{"rendered":"<p>Ayd\u0131n\u2019\u0131n Ku\u015fadas\u0131 il\u00e7esinde otomobil ile motosikletin \u00e7arp\u0131\u015fmas\u0131 sonucu meydana gelen kazada motosiklet s\u00fcr\u00fcc\u00fcs\u00fc yaraland\u0131. Kaza, \u0130ki\u00e7e\u015fmelik Mahallesi \u015e\u00fckr\u00fc K\u00fc\u00e7\u00fck Caddesi \u00fczerinde saat 15.00 s\u0131ralar\u0131nda meydana geldi. Edinilen bilgiye g\u00f6re, cadde \u00fczerinde seyir halinde olan 09 K 6580 plakal\u0131 otomobil ile tali yoldan \u00e7\u0131kan ve kayganla\u015fan zeminde direksiyon hakimiyetini kaybeden G.D. idaresindeki 09 ALD 575 plakal\u0131&#8230;<\/p>\n","protected":false},"author":1,"featured_media":80007,"comment_status":"open","ping_status":"open","sticky":false,"template":"","format":"standard","meta":{"_crdt_document":"","footnotes":""},"categories":[5],"tags":[],"class_list":["post-80006","post","type-post","status-publish","format-standard","has-post-thumbnail","hentry","category-asayis"],"_links":{"self":[{"href":"https:\/\/www.egemtv.com\/index.php?rest_route=\/wp\/v2\/posts\/80006","targetHints":{"allow":["GET"]}}],"collection":[{"href":"https:\/\/www.egemtv.com\/index.php?rest_route=\/wp\/v2\/posts"}],"about":[{"href":"https:\/\/www.egemtv.com\/index.php?rest_route=\/wp\/v2\/types\/post"}],"author":[{"embeddable":true,"href":"https:\/\/www.egemtv.com\/index.php?rest_route=\/wp\/v2\/users\/1"}],"replies":[{"embeddable":true,"href":"https:\/\/www.egemtv.com\/index.php?rest_route=%2Fwp%2Fv2%2Fcomments&post=80006"}],"version-history":[{"count":1,"href":"https:\/\/www.egemtv.com\/index.php?rest_route=\/wp\/v2\/posts\/80006\/revisions"}],"predecessor-version":[{"id":80008,"href":"https:\/\/www.egemtv.com\/index.php?rest_route=\/wp\/v2\/posts\/80006\/revisions\/80008"}],"wp:featuredmedia":[{"embeddable":true,"href":"https:\/\/www.egemtv.com\/index.php?rest_route=\/wp\/v2\/media\/80007"}],"wp:attachment":[{"href":"https:\/\/www.egemtv.com\/index.php?rest_route=%2Fwp%2Fv2%2Fmedia&parent=80006"}],"wp:term":[{"taxonomy":"category","embeddable":true,"href":"https:\/\/www.egemtv.com\/index.php?rest_route=%2Fwp%2Fv2%2Fcategories&post=80006"},{"taxonomy":"post_tag","embeddable":true,"href":"https:\/\/www.egemtv.com\/index.php?rest_route=%2Fwp%2Fv2%2Ftags&post=80006"}],"curies":[{"name":"wp","href":"https:\/\/api.w.org\/{rel}","templated":true}]}}