{"id":80003,"date":"2026-01-11T16:54:57","date_gmt":"2026-01-11T13:54:57","guid":{"rendered":"https:\/\/www.egemtv.com\/?p=80003"},"modified":"2026-01-11T16:54:58","modified_gmt":"2026-01-11T13:54:58","slug":"manisada-mezarliklara-kapsamli-bakim","status":"publish","type":"post","link":"https:\/\/www.egemtv.com\/?p=80003","title":{"rendered":"Manisa\u2019da mezarl\u0131klara kapsaml\u0131 bak\u0131m"},"content":{"rendered":"<p>Manisa B\u00fcy\u00fck\u015fehir Belediyesi, 2025 y\u0131l\u0131 boyunca il genelindeki mezarl\u0131klarda kapsaml\u0131 bir yenileme ve yat\u0131r\u0131m hamlesi ger\u00e7ekle\u015ftirdi. Mezarl\u0131klar daha g\u00fcvenli ve d\u00fczenli hale getirilirken, cenaze hizmetlerindeki h\u0131z ve kalite standartlar\u0131 art\u0131r\u0131ld\u0131.<br \/>\n<br \/>Manisa B\u00fcy\u00fck\u015fehir Belediyesi Mezarl\u0131klar Dairesi Ba\u015fkanl\u0131\u011f\u0131 ekipleri, 2025 y\u0131l\u0131nda mahalle mezarl\u0131klar\u0131n\u0131n fiziki \u015fartlar\u0131n\u0131 iyile\u015ftirmek i\u00e7in yo\u011fun bir mesai harcad\u0131. 87 mahallede tel \u00e7it imalat\u0131 yap\u0131larak s\u0131n\u0131rlar koruma alt\u0131na al\u0131nd\u0131. 60 mahallede \u00e7evre duvarlar\u0131 tadil edilerek mezarl\u0131klar daha g\u00fcvenli hale getirildi. 73 mahallede toplam 67 bin 794 metrekare kilit parke ta\u015f\u0131 d\u00f6\u015fendi; b\u00f6ylece vatanda\u015flar\u0131n kabir ziyaretlerini konforlu bir \u015fekilde yapmas\u0131 sa\u011fland\u0131. \u0130htiya\u00e7 duyulan noktalarda musalla ta\u015f\u0131 ve mezarl\u0131k kap\u0131s\u0131 imalat\u0131 ile tadilat i\u015flemleri tamamland\u0131.<\/p>\n<p>\u00dccretsiz ve kesintisiz cenaze hizmetleri<br \/>\n<br \/>Sosyal belediyecilik anlay\u0131\u015f\u0131yla hareket eden B\u00fcy\u00fck\u015fehir Belediyesi, defin ve nakil s\u00fcre\u00e7lerinde vatanda\u015flar\u0131n en zor g\u00fcnlerinde yan\u0131nda oldu. Mezarl\u0131k, defin ve t\u00fcm cenaze i\u015flemleri uzman personel e\u015fli\u011finde tamamen \u00fccretsiz olarak sunuldu. Y\u0131l boyunca il i\u00e7i ve il d\u0131\u015f\u0131 olmak \u00fczere toplam bin 347 cenaze nakil hizmeti bedelsiz olarak ger\u00e7ekle\u015ftirildi. Mezarl\u0131k, defin ve nakil hizmetlerinin 2026 y\u0131l\u0131nda da \u00fccretsiz olarak devam edece\u011fi a\u00e7\u0131kland\u0131.<\/p>\n<p>Manisa\u2019ya 112 bin metrekarelik yeni mezarl\u0131k alan\u0131<br \/>\n<br \/>\u015eehrin artan ihtiyac\u0131n\u0131 kar\u015f\u0131lamak ad\u0131na planlama \u00e7al\u0131\u015fmalar\u0131na da h\u0131z veren Manisa B\u00fcy\u00fck\u015fehir Belediyesi, 2025 y\u0131l\u0131nda kente 112 bin 589 metrekare yeni mezarl\u0131k alan\u0131 kazand\u0131rd\u0131. Mezarl\u0131klar Dairesi Ba\u015fkanl\u0131\u011f\u0131 Planlama \u015eube M\u00fcd\u00fcrl\u00fc\u011f\u00fc, ihtiya\u00e7 duyulan mahallelerde yeni alanlar\u0131n olu\u015fturulmas\u0131 i\u00e7in 2026 y\u0131l\u0131nda da \u00e7al\u0131\u015fmalar\u0131n kesintisiz s\u00fcrece\u011fini bildirdi.<br \/><\/p>\n","protected":false},"excerpt":{"rendered":"<p>Manisa B\u00fcy\u00fck\u015fehir Belediyesi, 2025 y\u0131l\u0131 boyunca il genelindeki mezarl\u0131klarda kapsaml\u0131 bir yenileme ve yat\u0131r\u0131m hamlesi ger\u00e7ekle\u015ftirdi. Mezarl\u0131klar daha g\u00fcvenli ve d\u00fczenli hale getirilirken, cenaze hizmetlerindeki h\u0131z ve kalite standartlar\u0131 art\u0131r\u0131ld\u0131. Manisa B\u00fcy\u00fck\u015fehir Belediyesi Mezarl\u0131klar Dairesi Ba\u015fkanl\u0131\u011f\u0131 ekipleri, 2025 y\u0131l\u0131nda mahalle mezarl\u0131klar\u0131n\u0131n fiziki \u015fartlar\u0131n\u0131 iyile\u015ftirmek i\u00e7in yo\u011fun bir mesai harcad\u0131. 87 mahallede tel \u00e7it imalat\u0131 yap\u0131larak&#8230;<\/p>\n","protected":false},"author":1,"featured_media":80004,"comment_status":"open","ping_status":"open","sticky":false,"template":"","format":"standard","meta":{"_crdt_document":"","footnotes":""},"categories":[1],"tags":[],"class_list":["post-80003","post","type-post","status-publish","format-standard","has-post-thumbnail","hentry","category-guncel"],"_links":{"self":[{"href":"https:\/\/www.egemtv.com\/index.php?rest_route=\/wp\/v2\/posts\/80003","targetHints":{"allow":["GET"]}}],"collection":[{"href":"https:\/\/www.egemtv.com\/index.php?rest_route=\/wp\/v2\/posts"}],"about":[{"href":"https:\/\/www.egemtv.com\/index.php?rest_route=\/wp\/v2\/types\/post"}],"author":[{"embeddable":true,"href":"https:\/\/www.egemtv.com\/index.php?rest_route=\/wp\/v2\/users\/1"}],"replies":[{"embeddable":true,"href":"https:\/\/www.egemtv.com\/index.php?rest_route=%2Fwp%2Fv2%2Fcomments&post=80003"}],"version-history":[{"count":1,"href":"https:\/\/www.egemtv.com\/index.php?rest_route=\/wp\/v2\/posts\/80003\/revisions"}],"predecessor-version":[{"id":80005,"href":"https:\/\/www.egemtv.com\/index.php?rest_route=\/wp\/v2\/posts\/80003\/revisions\/80005"}],"wp:featuredmedia":[{"embeddable":true,"href":"https:\/\/www.egemtv.com\/index.php?rest_route=\/wp\/v2\/media\/80004"}],"wp:attachment":[{"href":"https:\/\/www.egemtv.com\/index.php?rest_route=%2Fwp%2Fv2%2Fmedia&parent=80003"}],"wp:term":[{"taxonomy":"category","embeddable":true,"href":"https:\/\/www.egemtv.com\/index.php?rest_route=%2Fwp%2Fv2%2Fcategories&post=80003"},{"taxonomy":"post_tag","embeddable":true,"href":"https:\/\/www.egemtv.com\/index.php?rest_route=%2Fwp%2Fv2%2Ftags&post=80003"}],"curies":[{"name":"wp","href":"https:\/\/api.w.org\/{rel}","templated":true}]}}