{"id":80000,"date":"2026-01-11T16:34:41","date_gmt":"2026-01-11T13:34:41","guid":{"rendered":"https:\/\/www.egemtv.com\/?p=80000"},"modified":"2026-01-11T16:34:41","modified_gmt":"2026-01-11T13:34:41","slug":"afyonkarahisarin-yuksek-rakimli-bolgelerinde-kar-yagisi-etkili-oldu","status":"publish","type":"post","link":"https:\/\/www.egemtv.com\/?p=80000","title":{"rendered":"Afyonkarahisar\u2019\u0131n y\u00fcksek rak\u0131ml\u0131 b\u00f6lgelerinde kar ya\u011f\u0131\u015f\u0131 etkili oldu"},"content":{"rendered":"<p>Meteorolojinin uyar\u0131lar\u0131 sonras\u0131 Afyonkarahisar\u2019da ba\u015flayan kar ya\u011f\u0131\u015f\u0131 kentin y\u00fcksek rak\u0131ml\u0131 noktalar\u0131nda etkili oldu.<br \/>\n<br \/>Afyonkarahisar-Ankara karayolunun K\u00f6ro\u011flu Beli olarak adland\u0131r\u0131lan noktas\u0131nda kar ya\u011f\u0131\u015f\u0131 etkili oldu. Kentin en \u00f6nemli ula\u015f\u0131m noktalar\u0131ndan birisi olan ve yakla\u015f\u0131k 1450 rak\u0131ma sahip K\u00f6ro\u011flu Belinde lapa lapa kar ya\u011fd\u0131. Kent merkezinde karla kar\u0131\u015f\u0131k ya\u011fmur \u015feklinde ya\u015fanan ya\u011f\u0131\u015f K\u00f6ro\u011flu Beli gibi rak\u0131m\u0131 y\u00fcksek b\u00f6lgelerde yerini kar ya\u011f\u0131\u015f\u0131na b\u0131rakt\u0131. Ya\u011f\u0131\u015ftan dolay\u0131 trafikte ise herhangi bir aksama ya\u015fanmad\u0131. B\u00f6lgede kar ya\u011f\u0131\u015f\u0131n\u0131n aral\u0131klarla devam etti\u011fi bildirildi.<br \/><\/p>\n","protected":false},"excerpt":{"rendered":"<p>Meteorolojinin uyar\u0131lar\u0131 sonras\u0131 Afyonkarahisar\u2019da ba\u015flayan kar ya\u011f\u0131\u015f\u0131 kentin y\u00fcksek rak\u0131ml\u0131 noktalar\u0131nda etkili oldu. Afyonkarahisar-Ankara karayolunun K\u00f6ro\u011flu Beli olarak adland\u0131r\u0131lan noktas\u0131nda kar ya\u011f\u0131\u015f\u0131 etkili oldu. Kentin en \u00f6nemli ula\u015f\u0131m noktalar\u0131ndan birisi olan ve yakla\u015f\u0131k 1450 rak\u0131ma sahip K\u00f6ro\u011flu Belinde lapa lapa kar ya\u011fd\u0131. Kent merkezinde karla kar\u0131\u015f\u0131k ya\u011fmur \u015feklinde ya\u015fanan ya\u011f\u0131\u015f K\u00f6ro\u011flu Beli gibi rak\u0131m\u0131 y\u00fcksek&#8230;<\/p>\n","protected":false},"author":1,"featured_media":80001,"comment_status":"open","ping_status":"open","sticky":false,"template":"","format":"standard","meta":{"_crdt_document":"","footnotes":""},"categories":[1],"tags":[],"class_list":["post-80000","post","type-post","status-publish","format-standard","has-post-thumbnail","hentry","category-guncel"],"_links":{"self":[{"href":"https:\/\/www.egemtv.com\/index.php?rest_route=\/wp\/v2\/posts\/80000","targetHints":{"allow":["GET"]}}],"collection":[{"href":"https:\/\/www.egemtv.com\/index.php?rest_route=\/wp\/v2\/posts"}],"about":[{"href":"https:\/\/www.egemtv.com\/index.php?rest_route=\/wp\/v2\/types\/post"}],"author":[{"embeddable":true,"href":"https:\/\/www.egemtv.com\/index.php?rest_route=\/wp\/v2\/users\/1"}],"replies":[{"embeddable":true,"href":"https:\/\/www.egemtv.com\/index.php?rest_route=%2Fwp%2Fv2%2Fcomments&post=80000"}],"version-history":[{"count":1,"href":"https:\/\/www.egemtv.com\/index.php?rest_route=\/wp\/v2\/posts\/80000\/revisions"}],"predecessor-version":[{"id":80002,"href":"https:\/\/www.egemtv.com\/index.php?rest_route=\/wp\/v2\/posts\/80000\/revisions\/80002"}],"wp:featuredmedia":[{"embeddable":true,"href":"https:\/\/www.egemtv.com\/index.php?rest_route=\/wp\/v2\/media\/80001"}],"wp:attachment":[{"href":"https:\/\/www.egemtv.com\/index.php?rest_route=%2Fwp%2Fv2%2Fmedia&parent=80000"}],"wp:term":[{"taxonomy":"category","embeddable":true,"href":"https:\/\/www.egemtv.com\/index.php?rest_route=%2Fwp%2Fv2%2Fcategories&post=80000"},{"taxonomy":"post_tag","embeddable":true,"href":"https:\/\/www.egemtv.com\/index.php?rest_route=%2Fwp%2Fv2%2Ftags&post=80000"}],"curies":[{"name":"wp","href":"https:\/\/api.w.org\/{rel}","templated":true}]}}