{"id":79997,"date":"2026-01-11T16:15:13","date_gmt":"2026-01-11T13:15:13","guid":{"rendered":"https:\/\/www.egemtv.com\/?p=79997"},"modified":"2026-01-11T16:15:14","modified_gmt":"2026-01-11T13:15:14","slug":"yogun-yagislar-gokbuk-kanyonunun-su-debisini-artirdi","status":"publish","type":"post","link":"https:\/\/www.egemtv.com\/?p=79997","title":{"rendered":"Yo\u011fun ya\u011f\u0131\u015flar G\u00f6kb\u00fck Kanyonu\u2019nun su debisini art\u0131rd\u0131"},"content":{"rendered":"<p>Mu\u011fla b\u00f6lgesinde etkili olan yo\u011fun ya\u011f\u0131\u015flar\u0131n ard\u0131ndan Mente\u015fe il\u00e7esinde bulunan G\u00f6kb\u00fck Kanyonu\u2019nda su debisi belirgin \u015fekilde y\u00fckseldi. Artan debi, kanyon ve \u015felalelerde g\u00f6rsel bir \u015f\u00f6len olu\u015fturdu.<br \/>\n<br \/>Mente\u015fe\u2019nin Akb\u00fck Koyu\u2019na yakla\u015f\u0131k 8 kilometre mesafede yer alan G\u00f6kb\u00fck Kanyonu\u2019nda, ya\u011f\u0131\u015flarla birlikte kanyonlardan gelen sular\u0131n g\u00fcr ve kuvvetli \u015fekilde akt\u0131\u011f\u0131 g\u00f6zlemlendi. Dere yataklar\u0131 ve \u015felale ge\u00e7i\u015flerinde suyun debisinin artmas\u0131yla birlikte ortaya etkileyici manzaralar \u00e7\u0131kt\u0131. Do\u011faseverler ve b\u00f6lgeyi ziyaret etmeyi planlayanlar\u0131n, g\u00fcvenlik uyar\u0131lar\u0131n\u0131 dikkate alarak kanyon ge\u00e7i\u015flerinden ka\u00e7\u0131nmalar\u0131 ve su seviyeleri normale d\u00f6nene kadar tedbirli davranmalar\u0131 istendi.<br \/><\/p>\n","protected":false},"excerpt":{"rendered":"<p>Mu\u011fla b\u00f6lgesinde etkili olan yo\u011fun ya\u011f\u0131\u015flar\u0131n ard\u0131ndan Mente\u015fe il\u00e7esinde bulunan G\u00f6kb\u00fck Kanyonu\u2019nda su debisi belirgin \u015fekilde y\u00fckseldi. Artan debi, kanyon ve \u015felalelerde g\u00f6rsel bir \u015f\u00f6len olu\u015fturdu. Mente\u015fe\u2019nin Akb\u00fck Koyu\u2019na yakla\u015f\u0131k 8 kilometre mesafede yer alan G\u00f6kb\u00fck Kanyonu\u2019nda, ya\u011f\u0131\u015flarla birlikte kanyonlardan gelen sular\u0131n g\u00fcr ve kuvvetli \u015fekilde akt\u0131\u011f\u0131 g\u00f6zlemlendi. Dere yataklar\u0131 ve \u015felale ge\u00e7i\u015flerinde suyun debisinin&#8230;<\/p>\n","protected":false},"author":1,"featured_media":79998,"comment_status":"open","ping_status":"open","sticky":false,"template":"","format":"standard","meta":{"_crdt_document":"","footnotes":""},"categories":[1],"tags":[],"class_list":["post-79997","post","type-post","status-publish","format-standard","has-post-thumbnail","hentry","category-guncel"],"_links":{"self":[{"href":"https:\/\/www.egemtv.com\/index.php?rest_route=\/wp\/v2\/posts\/79997","targetHints":{"allow":["GET"]}}],"collection":[{"href":"https:\/\/www.egemtv.com\/index.php?rest_route=\/wp\/v2\/posts"}],"about":[{"href":"https:\/\/www.egemtv.com\/index.php?rest_route=\/wp\/v2\/types\/post"}],"author":[{"embeddable":true,"href":"https:\/\/www.egemtv.com\/index.php?rest_route=\/wp\/v2\/users\/1"}],"replies":[{"embeddable":true,"href":"https:\/\/www.egemtv.com\/index.php?rest_route=%2Fwp%2Fv2%2Fcomments&post=79997"}],"version-history":[{"count":1,"href":"https:\/\/www.egemtv.com\/index.php?rest_route=\/wp\/v2\/posts\/79997\/revisions"}],"predecessor-version":[{"id":79999,"href":"https:\/\/www.egemtv.com\/index.php?rest_route=\/wp\/v2\/posts\/79997\/revisions\/79999"}],"wp:featuredmedia":[{"embeddable":true,"href":"https:\/\/www.egemtv.com\/index.php?rest_route=\/wp\/v2\/media\/79998"}],"wp:attachment":[{"href":"https:\/\/www.egemtv.com\/index.php?rest_route=%2Fwp%2Fv2%2Fmedia&parent=79997"}],"wp:term":[{"taxonomy":"category","embeddable":true,"href":"https:\/\/www.egemtv.com\/index.php?rest_route=%2Fwp%2Fv2%2Fcategories&post=79997"},{"taxonomy":"post_tag","embeddable":true,"href":"https:\/\/www.egemtv.com\/index.php?rest_route=%2Fwp%2Fv2%2Ftags&post=79997"}],"curies":[{"name":"wp","href":"https:\/\/api.w.org\/{rel}","templated":true}]}}