{"id":79994,"date":"2026-01-11T15:55:40","date_gmt":"2026-01-11T12:55:40","guid":{"rendered":"https:\/\/www.egemtv.com\/?p=79994"},"modified":"2026-01-11T15:55:40","modified_gmt":"2026-01-11T12:55:40","slug":"izmirde-33-dosyadan-aranan-hukumlu-yakalandi","status":"publish","type":"post","link":"https:\/\/www.egemtv.com\/?p=79994","title":{"rendered":"\u0130zmir\u2019de 33 dosyadan aranan h\u00fck\u00fcml\u00fc yakaland\u0131"},"content":{"rendered":"<p>\u0130zmir\u2019in Karaba\u011flar il\u00e7esinde, hakk\u0131nda doland\u0131r\u0131c\u0131l\u0131k su\u00e7undan 33 ayr\u0131 dosyadan aranan ve kesinle\u015fmi\u015f 20 y\u0131l hapis cezas\u0131 bulunan \u015fah\u0131s, \u00e7ar\u015f\u0131 ve mahalle bek\u00e7ileri taraf\u0131ndan yakaland\u0131.<br \/>\n<br \/>Karaba\u011flar \u0130l\u00e7e Emniyet M\u00fcd\u00fcrl\u00fc\u011f\u00fc\u2019ne ba\u011fl\u0131 \u00c7ar\u015f\u0131 ve Mahalle Bek\u00e7ileri, su\u00e7 ve su\u00e7lularla m\u00fccadele kapsam\u0131nda aranan \u015fah\u0131slara y\u00f6nelik \u00e7al\u0131\u015fmalar\u0131n\u0131 s\u00fcrd\u00fcr\u00fcyor. Bu kapsamda d\u00fcn ger\u00e7ekle\u015ftirilen denetimlerde, ekipler durumundan \u015f\u00fcphelendikleri O.\u00c7.\u2019yi (55) durdurdu. \u015eahs\u0131n yap\u0131lan Genel Bilgi Toplama (GBT) sorgusunda; &#8220;doland\u0131r\u0131c\u0131l\u0131k&#8221; su\u00e7undan 33 ayr\u0131 dosyadan arand\u0131\u011f\u0131 ve hakk\u0131nda kesinle\u015fmi\u015f 20 y\u0131l hapis cezas\u0131 bulundu\u011fu tespit edildi. G\u00f6zalt\u0131na al\u0131nan h\u00fck\u00fcml\u00fc, gerekli i\u015flemlerin yap\u0131lmas\u0131 i\u00e7in adli mercilere teslim edildi.<br \/><\/p>\n","protected":false},"excerpt":{"rendered":"<p>\u0130zmir\u2019in Karaba\u011flar il\u00e7esinde, hakk\u0131nda doland\u0131r\u0131c\u0131l\u0131k su\u00e7undan 33 ayr\u0131 dosyadan aranan ve kesinle\u015fmi\u015f 20 y\u0131l hapis cezas\u0131 bulunan \u015fah\u0131s, \u00e7ar\u015f\u0131 ve mahalle bek\u00e7ileri taraf\u0131ndan yakaland\u0131. Karaba\u011flar \u0130l\u00e7e Emniyet M\u00fcd\u00fcrl\u00fc\u011f\u00fc\u2019ne ba\u011fl\u0131 \u00c7ar\u015f\u0131 ve Mahalle Bek\u00e7ileri, su\u00e7 ve su\u00e7lularla m\u00fccadele kapsam\u0131nda aranan \u015fah\u0131slara y\u00f6nelik \u00e7al\u0131\u015fmalar\u0131n\u0131 s\u00fcrd\u00fcr\u00fcyor. Bu kapsamda d\u00fcn ger\u00e7ekle\u015ftirilen denetimlerde, ekipler durumundan \u015f\u00fcphelendikleri O.\u00c7.\u2019yi (55) durdurdu. \u015eahs\u0131n&#8230;<\/p>\n","protected":false},"author":1,"featured_media":79995,"comment_status":"open","ping_status":"open","sticky":false,"template":"","format":"standard","meta":{"_crdt_document":"","footnotes":""},"categories":[5],"tags":[],"class_list":["post-79994","post","type-post","status-publish","format-standard","has-post-thumbnail","hentry","category-asayis"],"_links":{"self":[{"href":"https:\/\/www.egemtv.com\/index.php?rest_route=\/wp\/v2\/posts\/79994","targetHints":{"allow":["GET"]}}],"collection":[{"href":"https:\/\/www.egemtv.com\/index.php?rest_route=\/wp\/v2\/posts"}],"about":[{"href":"https:\/\/www.egemtv.com\/index.php?rest_route=\/wp\/v2\/types\/post"}],"author":[{"embeddable":true,"href":"https:\/\/www.egemtv.com\/index.php?rest_route=\/wp\/v2\/users\/1"}],"replies":[{"embeddable":true,"href":"https:\/\/www.egemtv.com\/index.php?rest_route=%2Fwp%2Fv2%2Fcomments&post=79994"}],"version-history":[{"count":1,"href":"https:\/\/www.egemtv.com\/index.php?rest_route=\/wp\/v2\/posts\/79994\/revisions"}],"predecessor-version":[{"id":79996,"href":"https:\/\/www.egemtv.com\/index.php?rest_route=\/wp\/v2\/posts\/79994\/revisions\/79996"}],"wp:featuredmedia":[{"embeddable":true,"href":"https:\/\/www.egemtv.com\/index.php?rest_route=\/wp\/v2\/media\/79995"}],"wp:attachment":[{"href":"https:\/\/www.egemtv.com\/index.php?rest_route=%2Fwp%2Fv2%2Fmedia&parent=79994"}],"wp:term":[{"taxonomy":"category","embeddable":true,"href":"https:\/\/www.egemtv.com\/index.php?rest_route=%2Fwp%2Fv2%2Fcategories&post=79994"},{"taxonomy":"post_tag","embeddable":true,"href":"https:\/\/www.egemtv.com\/index.php?rest_route=%2Fwp%2Fv2%2Ftags&post=79994"}],"curies":[{"name":"wp","href":"https:\/\/api.w.org\/{rel}","templated":true}]}}