{"id":79991,"date":"2026-01-11T15:34:56","date_gmt":"2026-01-11T12:34:56","guid":{"rendered":"https:\/\/www.egemtv.com\/?p=79991"},"modified":"2026-01-11T15:34:57","modified_gmt":"2026-01-11T12:34:57","slug":"saganak-yagis-oludenizin-rengini-degistirdi","status":"publish","type":"post","link":"https:\/\/www.egemtv.com\/?p=79991","title":{"rendered":"Sa\u011fanak ya\u011f\u0131\u015f, \u00d6l\u00fcdeniz\u2019in rengini de\u011fi\u015ftirdi"},"content":{"rendered":"<p>Mu\u011fla\u2019n\u0131n Fethiye il\u00e7esinde etkili olan sa\u011fanak ya\u011f\u0131\u015f nedeniyle \u00d6l\u00fcdeniz\u2019in rengi de\u011fi\u015fti. Da\u011flardan gelen \u00e7amurlu suyun denize kar\u0131\u015fmas\u0131yla birlikte baz\u0131 b\u00f6lgelerde deniz suyu kahverengiye d\u00f6nd\u00fc.<br \/>\n<br \/>A\u015f\u0131r\u0131 ya\u011f\u0131\u015fla birlikte \u00f6zellikle Belcek\u0131z Sahili\u2019nde yakla\u015f\u0131k 3 metreyi bulan dalgalar olu\u015ftu. Y\u00fcksek dalgalar k\u0131y\u0131daki baz\u0131 i\u015fletmelere zarar verirken, dalgalar\u0131n etkisini azaltmak amac\u0131yla sahilde i\u015f makineleriyle \u00e7al\u0131\u015fma ger\u00e7ekle\u015ftirildi. Sahile gelen vatanda\u015flar, olu\u015fan dalgalar\u0131 izleyerek cep telefonlar\u0131yla o anlar\u0131 g\u00f6r\u00fcnt\u00fcledi. Di\u011fer yandan b\u00f6lgedeki sa\u011fanak ya\u011f\u0131\u015f\u0131n etkisini s\u00fcrd\u00fcrece\u011fi \u00f6\u011frenildi.<br \/><\/p>\n","protected":false},"excerpt":{"rendered":"<p>Mu\u011fla\u2019n\u0131n Fethiye il\u00e7esinde etkili olan sa\u011fanak ya\u011f\u0131\u015f nedeniyle \u00d6l\u00fcdeniz\u2019in rengi de\u011fi\u015fti. Da\u011flardan gelen \u00e7amurlu suyun denize kar\u0131\u015fmas\u0131yla birlikte baz\u0131 b\u00f6lgelerde deniz suyu kahverengiye d\u00f6nd\u00fc. A\u015f\u0131r\u0131 ya\u011f\u0131\u015fla birlikte \u00f6zellikle Belcek\u0131z Sahili\u2019nde yakla\u015f\u0131k 3 metreyi bulan dalgalar olu\u015ftu. Y\u00fcksek dalgalar k\u0131y\u0131daki baz\u0131 i\u015fletmelere zarar verirken, dalgalar\u0131n etkisini azaltmak amac\u0131yla sahilde i\u015f makineleriyle \u00e7al\u0131\u015fma ger\u00e7ekle\u015ftirildi. Sahile gelen vatanda\u015flar,&#8230;<\/p>\n","protected":false},"author":1,"featured_media":79992,"comment_status":"open","ping_status":"open","sticky":false,"template":"","format":"standard","meta":{"_crdt_document":"","footnotes":""},"categories":[1],"tags":[],"class_list":["post-79991","post","type-post","status-publish","format-standard","has-post-thumbnail","hentry","category-guncel"],"_links":{"self":[{"href":"https:\/\/www.egemtv.com\/index.php?rest_route=\/wp\/v2\/posts\/79991","targetHints":{"allow":["GET"]}}],"collection":[{"href":"https:\/\/www.egemtv.com\/index.php?rest_route=\/wp\/v2\/posts"}],"about":[{"href":"https:\/\/www.egemtv.com\/index.php?rest_route=\/wp\/v2\/types\/post"}],"author":[{"embeddable":true,"href":"https:\/\/www.egemtv.com\/index.php?rest_route=\/wp\/v2\/users\/1"}],"replies":[{"embeddable":true,"href":"https:\/\/www.egemtv.com\/index.php?rest_route=%2Fwp%2Fv2%2Fcomments&post=79991"}],"version-history":[{"count":1,"href":"https:\/\/www.egemtv.com\/index.php?rest_route=\/wp\/v2\/posts\/79991\/revisions"}],"predecessor-version":[{"id":79993,"href":"https:\/\/www.egemtv.com\/index.php?rest_route=\/wp\/v2\/posts\/79991\/revisions\/79993"}],"wp:featuredmedia":[{"embeddable":true,"href":"https:\/\/www.egemtv.com\/index.php?rest_route=\/wp\/v2\/media\/79992"}],"wp:attachment":[{"href":"https:\/\/www.egemtv.com\/index.php?rest_route=%2Fwp%2Fv2%2Fmedia&parent=79991"}],"wp:term":[{"taxonomy":"category","embeddable":true,"href":"https:\/\/www.egemtv.com\/index.php?rest_route=%2Fwp%2Fv2%2Fcategories&post=79991"},{"taxonomy":"post_tag","embeddable":true,"href":"https:\/\/www.egemtv.com\/index.php?rest_route=%2Fwp%2Fv2%2Ftags&post=79991"}],"curies":[{"name":"wp","href":"https:\/\/api.w.org\/{rel}","templated":true}]}}