{"id":79988,"date":"2026-01-11T15:34:55","date_gmt":"2026-01-11T12:34:55","guid":{"rendered":"https:\/\/www.egemtv.com\/?p=79988"},"modified":"2026-01-11T15:34:56","modified_gmt":"2026-01-11T12:34:56","slug":"manisada-is-yerindeki-yangin-mahalle-sakinlerine-korku-dolu-anlar-yasatti","status":"publish","type":"post","link":"https:\/\/www.egemtv.com\/?p=79988","title":{"rendered":"Manisa\u2019da i\u015f yerindeki yang\u0131n mahalle sakinlerine korku dolu anlar ya\u015fatt\u0131"},"content":{"rendered":"<p>Manisa\u2019n\u0131n \u015eehzadeler il\u00e7esinde bir internet kafede sabah saatlerinde \u00e7\u0131kan yang\u0131n, mahalle sakinlerine korku dolu anlar ya\u015fatt\u0131. Manisa B\u00fcy\u00fck\u015fehir Belediyesi \u0130tfaiye Dairesi Ba\u015fkanl\u0131\u011f\u0131\u2019na ba\u011fl\u0131 ekiplerin k\u0131sa s\u00fcrede s\u00f6nd\u00fcrd\u00fc\u011f\u00fc yang\u0131nda yaralanan olmazken, yang\u0131nda bir\u00e7ok bilgisayar zarar g\u00f6rd\u00fc.<br \/>\n<br \/>Yang\u0131n, \u015eehzadeler il\u00e7esi Peker Mahallesi\u2019nde 1605 ve 1701 sokaklara cephesi bulunan bir internet kafede sabah saatlerinde hen\u00fcz belirlenemeyen bir nedenle \u00e7\u0131kt\u0131. \u00c7\u0131kan yang\u0131n\u0131 ilk olarak mahallede g\u00f6rev yapan Manisa B\u00fcy\u00fck\u015fehir Belediyesi \u00c7evre Koruma Kontrol Daire Ba\u015fkanl\u0131\u011f\u0131\u2019nda temizlik g\u00f6revlisi olarak \u00e7al\u0131\u015fan Burhan Ta\u015f fark etti. Ekip arkada\u015flar\u0131yla birlikte cadde temizli\u011fi yapt\u0131klar\u0131 s\u0131rada ya\u011fmurun h\u0131zlanmas\u0131 nedeniyle \u00e7al\u0131\u015fmaya ara verdiklerini anlatan temizlik g\u00f6revlisi Ta\u015f, &#8220;Tapu M\u00fcd\u00fcrl\u00fc\u011f\u00fc kar\u015f\u0131s\u0131nda kahvehanenin sa\u00e7ak alt\u0131na geldi\u011fimiz s\u0131rada 3-5 d\u00fckk\u00e2n alt tarafta bir i\u015f yerinden dumanlar\u0131n \u00e7\u0131kt\u0131\u011f\u0131n\u0131 g\u00f6rd\u00fcm. Hemen 112\u2019yi arayarak durumu bildirdim&#8221; diye konu\u015ftu.<br \/>\n<br \/>\u0130\u015f yerinin \u00f6n cephesinden yo\u011fun dumanlar y\u00fckselirken, arka soka\u011fa bakan k\u0131sm\u0131ndan \u00e7\u0131kan alevlerin apartman\u0131n ikinci kat\u0131na kadar ula\u015fmas\u0131 mahalle sakinlerini tedirgin etti. Dar sokaklar ve \u00e7ift tarafl\u0131 park edilen ara\u00e7lar nedeniyle olay yerine gelen Manisa B\u00fcy\u00fck\u015fehir Belediyesi \u0130tfaiye Daire Ba\u015fkanl\u0131\u011f\u0131\u2019na ba\u011fl\u0131 ekipler, yanan i\u015f yerinin bulundu\u011fu soka\u011fa girmekte g\u00fc\u00e7l\u00fck \u00e7ekti.<br \/>\n<br \/>Yang\u0131n s\u0131ras\u0131nda i\u015f yeri \u00f6n\u00fcnde park halinde bulunan bir ara\u00e7 da yanma tehlikesi atlatt\u0131. \u0130tfaiye ekiplerinin m\u00fcdahalesiyle yang\u0131n k\u0131sa s\u00fcrede kontrol alt\u0131na al\u0131narak s\u00f6nd\u00fcr\u00fcld\u00fc. Yang\u0131n\u0131n \u00e7\u0131k\u0131\u015f nedeninin belirlenmesi i\u00e7in itfaiye ekipleri taraf\u0131ndan inceleme ba\u015flat\u0131ld\u0131.<br \/><\/p>\n","protected":false},"excerpt":{"rendered":"<p>Manisa\u2019n\u0131n \u015eehzadeler il\u00e7esinde bir internet kafede sabah saatlerinde \u00e7\u0131kan yang\u0131n, mahalle sakinlerine korku dolu anlar ya\u015fatt\u0131. Manisa B\u00fcy\u00fck\u015fehir Belediyesi \u0130tfaiye Dairesi Ba\u015fkanl\u0131\u011f\u0131\u2019na ba\u011fl\u0131 ekiplerin k\u0131sa s\u00fcrede s\u00f6nd\u00fcrd\u00fc\u011f\u00fc yang\u0131nda yaralanan olmazken, yang\u0131nda bir\u00e7ok bilgisayar zarar g\u00f6rd\u00fc. Yang\u0131n, \u015eehzadeler il\u00e7esi Peker Mahallesi\u2019nde 1605 ve 1701 sokaklara cephesi bulunan bir internet kafede sabah saatlerinde hen\u00fcz belirlenemeyen bir nedenle&#8230;<\/p>\n","protected":false},"author":1,"featured_media":79989,"comment_status":"open","ping_status":"open","sticky":false,"template":"","format":"standard","meta":{"_crdt_document":"","footnotes":""},"categories":[5],"tags":[],"class_list":["post-79988","post","type-post","status-publish","format-standard","has-post-thumbnail","hentry","category-asayis"],"_links":{"self":[{"href":"https:\/\/www.egemtv.com\/index.php?rest_route=\/wp\/v2\/posts\/79988","targetHints":{"allow":["GET"]}}],"collection":[{"href":"https:\/\/www.egemtv.com\/index.php?rest_route=\/wp\/v2\/posts"}],"about":[{"href":"https:\/\/www.egemtv.com\/index.php?rest_route=\/wp\/v2\/types\/post"}],"author":[{"embeddable":true,"href":"https:\/\/www.egemtv.com\/index.php?rest_route=\/wp\/v2\/users\/1"}],"replies":[{"embeddable":true,"href":"https:\/\/www.egemtv.com\/index.php?rest_route=%2Fwp%2Fv2%2Fcomments&post=79988"}],"version-history":[{"count":1,"href":"https:\/\/www.egemtv.com\/index.php?rest_route=\/wp\/v2\/posts\/79988\/revisions"}],"predecessor-version":[{"id":79990,"href":"https:\/\/www.egemtv.com\/index.php?rest_route=\/wp\/v2\/posts\/79988\/revisions\/79990"}],"wp:featuredmedia":[{"embeddable":true,"href":"https:\/\/www.egemtv.com\/index.php?rest_route=\/wp\/v2\/media\/79989"}],"wp:attachment":[{"href":"https:\/\/www.egemtv.com\/index.php?rest_route=%2Fwp%2Fv2%2Fmedia&parent=79988"}],"wp:term":[{"taxonomy":"category","embeddable":true,"href":"https:\/\/www.egemtv.com\/index.php?rest_route=%2Fwp%2Fv2%2Fcategories&post=79988"},{"taxonomy":"post_tag","embeddable":true,"href":"https:\/\/www.egemtv.com\/index.php?rest_route=%2Fwp%2Fv2%2Ftags&post=79988"}],"curies":[{"name":"wp","href":"https:\/\/api.w.org\/{rel}","templated":true}]}}