{"id":79985,"date":"2026-01-11T15:34:53","date_gmt":"2026-01-11T12:34:53","guid":{"rendered":"https:\/\/www.egemtv.com\/?p=79985"},"modified":"2026-01-11T15:34:55","modified_gmt":"2026-01-11T12:34:55","slug":"sarigolde-firtina-etkili-oldu","status":"publish","type":"post","link":"https:\/\/www.egemtv.com\/?p=79985","title":{"rendered":"Sar\u0131g\u00f6l\u2019de f\u0131rt\u0131na etkili oldu"},"content":{"rendered":"<p>Manisa\u2019n\u0131n Sar\u0131g\u00f6l il\u00e7esinde gece saatlerinde ya\u011fmurla birlikte etkili olan kuvvetli f\u0131rt\u0131na, Dada\u011fl\u0131 Mahallesi\u2019nde maddi hasara yol a\u00e7t\u0131.<br \/>\n<br \/>Manisa\u2019n\u0131n Sar\u0131g\u00f6l il\u00e7esinde gece saatlerinde ba\u015flayan \u015fiddetli f\u0131rt\u0131na g\u00fcnd\u00fcz de etkili oldu. Edinilen bilgilere g\u00f6re, f\u0131rt\u0131na nedeniyle mahallede bulunan pazaryerinin \u00e7at\u0131s\u0131 yerinden s\u00f6k\u00fclerek u\u00e7tu. Ayn\u0131 b\u00f6lgede baz\u0131 PTT direkleri ile elektrik direklerinin de devrildi\u011fi \u00f6\u011frenildi.<br \/>\n<br \/>F\u0131rt\u0131nan\u0131n gece saatlerinde etkili olmas\u0131, ya\u015fanabilecek bir can kayb\u0131 ya da yaralanman\u0131n \u00f6n\u00fcne ge\u00e7erken, olayda herhangi bir yaralanma ya\u015fanmad\u0131\u011f\u0131 bildirildi. Sabah saatleri itibar\u0131yla hasar tespit \u00e7al\u0131\u015fmalar\u0131 ba\u015flat\u0131l\u0131rken, devrilen direkler ve zarar g\u00f6ren alanlarda ilgili ekiplerin onar\u0131m \u00e7al\u0131\u015fmalar\u0131na ba\u015flad\u0131\u011f\u0131 \u00f6\u011frenildi.<br \/>\n<br \/>Yetkililer, vatanda\u015flar\u0131 olumsuz hava ko\u015fullar\u0131na kar\u015f\u0131 dikkatli olmalar\u0131 konusunda uyard\u0131.<br \/><\/p>\n","protected":false},"excerpt":{"rendered":"<p>Manisa\u2019n\u0131n Sar\u0131g\u00f6l il\u00e7esinde gece saatlerinde ya\u011fmurla birlikte etkili olan kuvvetli f\u0131rt\u0131na, Dada\u011fl\u0131 Mahallesi\u2019nde maddi hasara yol a\u00e7t\u0131. Manisa\u2019n\u0131n Sar\u0131g\u00f6l il\u00e7esinde gece saatlerinde ba\u015flayan \u015fiddetli f\u0131rt\u0131na g\u00fcnd\u00fcz de etkili oldu. Edinilen bilgilere g\u00f6re, f\u0131rt\u0131na nedeniyle mahallede bulunan pazaryerinin \u00e7at\u0131s\u0131 yerinden s\u00f6k\u00fclerek u\u00e7tu. Ayn\u0131 b\u00f6lgede baz\u0131 PTT direkleri ile elektrik direklerinin de devrildi\u011fi \u00f6\u011frenildi. F\u0131rt\u0131nan\u0131n gece saatlerinde&#8230;<\/p>\n","protected":false},"author":1,"featured_media":79986,"comment_status":"open","ping_status":"open","sticky":false,"template":"","format":"standard","meta":{"_crdt_document":"","footnotes":""},"categories":[5],"tags":[],"class_list":["post-79985","post","type-post","status-publish","format-standard","has-post-thumbnail","hentry","category-asayis"],"_links":{"self":[{"href":"https:\/\/www.egemtv.com\/index.php?rest_route=\/wp\/v2\/posts\/79985","targetHints":{"allow":["GET"]}}],"collection":[{"href":"https:\/\/www.egemtv.com\/index.php?rest_route=\/wp\/v2\/posts"}],"about":[{"href":"https:\/\/www.egemtv.com\/index.php?rest_route=\/wp\/v2\/types\/post"}],"author":[{"embeddable":true,"href":"https:\/\/www.egemtv.com\/index.php?rest_route=\/wp\/v2\/users\/1"}],"replies":[{"embeddable":true,"href":"https:\/\/www.egemtv.com\/index.php?rest_route=%2Fwp%2Fv2%2Fcomments&post=79985"}],"version-history":[{"count":1,"href":"https:\/\/www.egemtv.com\/index.php?rest_route=\/wp\/v2\/posts\/79985\/revisions"}],"predecessor-version":[{"id":79987,"href":"https:\/\/www.egemtv.com\/index.php?rest_route=\/wp\/v2\/posts\/79985\/revisions\/79987"}],"wp:featuredmedia":[{"embeddable":true,"href":"https:\/\/www.egemtv.com\/index.php?rest_route=\/wp\/v2\/media\/79986"}],"wp:attachment":[{"href":"https:\/\/www.egemtv.com\/index.php?rest_route=%2Fwp%2Fv2%2Fmedia&parent=79985"}],"wp:term":[{"taxonomy":"category","embeddable":true,"href":"https:\/\/www.egemtv.com\/index.php?rest_route=%2Fwp%2Fv2%2Fcategories&post=79985"},{"taxonomy":"post_tag","embeddable":true,"href":"https:\/\/www.egemtv.com\/index.php?rest_route=%2Fwp%2Fv2%2Ftags&post=79985"}],"curies":[{"name":"wp","href":"https:\/\/api.w.org\/{rel}","templated":true}]}}