{"id":79982,"date":"2026-01-11T15:14:43","date_gmt":"2026-01-11T12:14:43","guid":{"rendered":"https:\/\/www.egemtv.com\/?p=79982"},"modified":"2026-01-11T15:14:43","modified_gmt":"2026-01-11T12:14:43","slug":"kusadasinda-domuzlar-sehri-mesken-tuttu","status":"publish","type":"post","link":"https:\/\/www.egemtv.com\/?p=79982","title":{"rendered":"Ku\u015fadas\u0131\u2019nda domuzlar \u015fehri mesken tuttu"},"content":{"rendered":"<p>Ayd\u0131n\u2019\u0131n Ku\u015fadas\u0131 il\u00e7esinde \u015fehir merkezini mesken tutan domuzlar, yiyecek ararken g\u00f6r\u00fcnt\u00fclendi.<br \/>\n<br \/>Ku\u015fadas\u0131 \u015fehir merkezinde son g\u00fcnlerde s\u0131k\u00e7a g\u00f6r\u00fclmeye ba\u015flayan domuz s\u00fcr\u00fcleri, parklarda ve \u00e7\u00f6p konteynerleri yan\u0131nda yiyecek ar\u0131yor. Ege Mahallesi ba\u015fta olmak \u00fczere \u015fehrin bir\u00e7ok noktas\u0131nda evlerin aras\u0131nda, yollarda, parklarda ve ana arterlerde rahat\u00e7a dola\u015fan domuz s\u00fcr\u00fcleri, hem vatanda\u015flar\u0131n sa\u011fl\u0131\u011f\u0131n\u0131 tehdit ederken zaman zaman trafik g\u00fcvenli\u011fini de tehlikeye sokuyor. Evlerin hemen \u00f6n\u00fcnde dola\u015fan s\u00fcr\u00fcler, \u00f6zellikle \u00e7ocuklu aileler ve ya\u015fl\u0131lar i\u00e7in de ciddi bir tedirginlik olu\u015fturuyor.<br \/>\n<br \/>Mahalle sakinleri ya\u015fanan bu duruma ilgili kurum ve kurulu\u015flar\u0131n derhal \u00e7\u00f6z\u00fcm bulmas\u0131 gerekti\u011finin alt\u0131n\u0131 \u00e7izerek, domuzlar\u0131n ya\u015fam alanlar\u0131n\u0131n \u015fehir merkezi olmamas\u0131 gerekti\u011fini ifade ettiler.<br \/><\/p>\n","protected":false},"excerpt":{"rendered":"<p>Ayd\u0131n\u2019\u0131n Ku\u015fadas\u0131 il\u00e7esinde \u015fehir merkezini mesken tutan domuzlar, yiyecek ararken g\u00f6r\u00fcnt\u00fclendi. Ku\u015fadas\u0131 \u015fehir merkezinde son g\u00fcnlerde s\u0131k\u00e7a g\u00f6r\u00fclmeye ba\u015flayan domuz s\u00fcr\u00fcleri, parklarda ve \u00e7\u00f6p konteynerleri yan\u0131nda yiyecek ar\u0131yor. Ege Mahallesi ba\u015fta olmak \u00fczere \u015fehrin bir\u00e7ok noktas\u0131nda evlerin aras\u0131nda, yollarda, parklarda ve ana arterlerde rahat\u00e7a dola\u015fan domuz s\u00fcr\u00fcleri, hem vatanda\u015flar\u0131n sa\u011fl\u0131\u011f\u0131n\u0131 tehdit ederken zaman zaman trafik&#8230;<\/p>\n","protected":false},"author":1,"featured_media":79983,"comment_status":"open","ping_status":"open","sticky":false,"template":"","format":"standard","meta":{"_crdt_document":"","footnotes":""},"categories":[1],"tags":[],"class_list":["post-79982","post","type-post","status-publish","format-standard","has-post-thumbnail","hentry","category-guncel"],"_links":{"self":[{"href":"https:\/\/www.egemtv.com\/index.php?rest_route=\/wp\/v2\/posts\/79982","targetHints":{"allow":["GET"]}}],"collection":[{"href":"https:\/\/www.egemtv.com\/index.php?rest_route=\/wp\/v2\/posts"}],"about":[{"href":"https:\/\/www.egemtv.com\/index.php?rest_route=\/wp\/v2\/types\/post"}],"author":[{"embeddable":true,"href":"https:\/\/www.egemtv.com\/index.php?rest_route=\/wp\/v2\/users\/1"}],"replies":[{"embeddable":true,"href":"https:\/\/www.egemtv.com\/index.php?rest_route=%2Fwp%2Fv2%2Fcomments&post=79982"}],"version-history":[{"count":1,"href":"https:\/\/www.egemtv.com\/index.php?rest_route=\/wp\/v2\/posts\/79982\/revisions"}],"predecessor-version":[{"id":79984,"href":"https:\/\/www.egemtv.com\/index.php?rest_route=\/wp\/v2\/posts\/79982\/revisions\/79984"}],"wp:featuredmedia":[{"embeddable":true,"href":"https:\/\/www.egemtv.com\/index.php?rest_route=\/wp\/v2\/media\/79983"}],"wp:attachment":[{"href":"https:\/\/www.egemtv.com\/index.php?rest_route=%2Fwp%2Fv2%2Fmedia&parent=79982"}],"wp:term":[{"taxonomy":"category","embeddable":true,"href":"https:\/\/www.egemtv.com\/index.php?rest_route=%2Fwp%2Fv2%2Fcategories&post=79982"},{"taxonomy":"post_tag","embeddable":true,"href":"https:\/\/www.egemtv.com\/index.php?rest_route=%2Fwp%2Fv2%2Ftags&post=79982"}],"curies":[{"name":"wp","href":"https:\/\/api.w.org\/{rel}","templated":true}]}}