{"id":79979,"date":"2026-01-11T14:57:57","date_gmt":"2026-01-11T11:57:57","guid":{"rendered":"https:\/\/www.egemtv.com\/?p=79979"},"modified":"2026-01-11T14:57:57","modified_gmt":"2026-01-11T11:57:57","slug":"baskan-basdegirmen-sampiyon-takimla-bulustu","status":"publish","type":"post","link":"https:\/\/www.egemtv.com\/?p=79979","title":{"rendered":"Ba\u015fkan Ba\u015fde\u011firmen, \u015fampiyon tak\u0131mla bulu\u015ftu"},"content":{"rendered":"<p>Isparta Belediye Ba\u015fkan\u0131 \u015e\u00fckr\u00fc Ba\u015fde\u011firmen, \u015eehit Muhsin Kiremit\u00e7i \u0130mam Hatip Ortaokulu\u2019nun k\u0131z ve erkek voleybol tak\u0131mlar\u0131, okul aile birli\u011fi y\u00f6netimi ve beden e\u011fitimi \u00f6\u011fretmenleriyle bir araya geldi. Ba\u015fkan Ba\u015fde\u011firmen, Okul Sporlar\u0131 K\u00fc\u00e7\u00fck Erkekler Voleybol Turnuvas\u0131nda il birincisi olan erkek voleybol tak\u0131m\u0131n\u0131 tebrik etti.<br \/>\n<br \/>\u015eehit Muhsin Kiremit\u00e7i \u0130mam Hatip Ortaokulu Erkek Voleybol Tak\u0131m\u0131, 2025 \u2013 2026 E\u011fitim \u00d6\u011fretim Y\u0131l\u0131 Okul Sporlar\u0131 K\u00fc\u00e7\u00fck Erkekler Voleybol Turnuvas\u0131nda \u015fampiyon oldu. Okul aile birli\u011fi taraf\u0131ndan ba\u015far\u0131l\u0131 sporcular i\u00e7in bir program d\u00fczenlendi. Bezirgan Sufras\u0131\u2019nda d\u00fczenlenen programa Isparta Belediye Ba\u015fkan\u0131 \u015e\u00fckr\u00fc Ba\u015fde\u011firmen de kat\u0131ld\u0131. Ba\u015fkan Ba\u015fde\u011firmen, \u015eehit Muhsin Kiremit\u00e7i \u0130mam Hatip Ortaokulu K\u0131z ve Erkek Voleybol Tak\u0131m\u0131 sporcular\u0131, aileleri ve beden e\u011fitimi \u00f6\u011fretmenleriyle bir araya geldi. \u00d6\u011frencilerle sohbet eden Ba\u015fkan Ba\u015fde\u011firmen, onlara isimlerinin yaz\u0131l\u0131 oldu\u011fu kalem ve Ispartaspor formas\u0131 hediye etti. \u00d6\u011frenciler Ba\u015fkan Ba\u015fde\u011firmen\u2019den okul bah\u00e7esindeki spor alan\u0131n\u0131n \u00fczerinin kapat\u0131larak kapal\u0131 spor salonu haline getirilmesini istediler. Belediye Ba\u015fkan\u0131 \u015e\u00fckr\u00fc Ba\u015fde\u011firmen, \u00f6\u011frencilerin bu talebine olumlu yan\u0131t vererek, \u00e7al\u0131\u015fma yap\u0131laca\u011f\u0131n\u0131 s\u00f6yledi.<\/p>\n<p>&#8220;Ba\u015fkan \u00f6\u011frencilerin davetini geri \u00e7evirmedi&#8221;<br \/>\n<br \/>\u015eehit Muhsin Kiremit\u00e7i \u0130mam Hatip Ortaokulu M\u00fcd\u00fcr\u00fc Adnan \u00c7elik, erkek voleybol tak\u0131m\u0131n\u0131n Gen\u00e7 Erkekler \u0130l Voleybol Turnuvas\u0131\u2019nda \u015fampiyon oldu\u011funu s\u00f6yledi. Tak\u0131m\u0131n Denizli\u2019de yap\u0131lacak turnuvada Isparta\u2019y\u0131 temsil edece\u011fini dile getiren \u00c7elik, &#8220;Okul olarak \u00f6\u011frencilerimizi yemekle \u00f6d\u00fcllendirmek istedik. Bu vesilesiyle yemek organize ettik. \u00d6\u011frencilerimiz belediye ba\u015fkan\u0131m\u0131z\u0131 da aralar\u0131nda g\u00f6rmek istediler, davet ettiler. Ba\u015fkan\u0131m\u0131z da k\u0131rmad\u0131, \u00e7ok te\u015fekk\u00fcr ediyorum. Okulumuz, her alanda ilimizi en g\u00fczel \u015fekilde temsil edip, gelece\u011fin parlayan y\u0131ld\u0131z\u0131 olmaya talip. Bu anlamda emin ad\u0131mlarla geliyoruz. Ok\u00e7ulukta T\u00fcrkiye \u015fampiyonlu\u011fu, zeka oyunlar\u0131nda T\u00fcrkiye ikincili\u011fi, voleybolda ba\u015flad\u0131\u011f\u0131m\u0131z s\u00fcrecin in\u015fallah T\u00fcrkiye derecelerine do\u011fru gidece\u011fi s\u00fcre\u00e7 i\u00e7in gayretliyiz&#8221; dedi.<\/p>\n<p>&#8220;Okula talep kontenjan\u0131n \u00e7ok \u00fczerinde&#8221;<br \/>\n<br \/>Okulun 24 s\u0131n\u0131f oldu\u011funu belirten Adnan \u00c7elik, &#8220;Bir s\u0131n\u0131f seviyesinde en fazla 6 \u015fube a\u00e7abiliyoruz. 30 ki\u015fiden hesaplan\u0131rsa en fazla 180 \u00f6\u011frenci alabiliyoruz. Ancak okulumuza talebin kontenjan\u0131m\u0131z\u0131n \u00e7ok \u00fcst\u00fcnde olmas\u0131 nedeniyle mecburen s\u0131navla \u00f6\u011frenci al\u0131yoruz. Ge\u00e7en y\u0131l 880 \u00f6\u011frenci ba\u015fvuru yapt\u0131. Bu y\u0131l \u015fimdiden 600\u2019\u00fcn \u00fczerinde ba\u015fvuru gelmi\u015f durumda.  Binin \u00fczerinde ba\u015fvuruyla bu sene de s\u0131nav yapmaya mecbur kalacak gibiyiz&#8221; \u015feklinde konu\u015ftu.<\/p>\n<p>\u00d6\u011frenciler uluslararas\u0131 ba\u015far\u0131larla Isparta\u2019y\u0131 temsil ediyor<br \/>\n<br \/>Okul m\u00fcd\u00fcr\u00fc Adnan \u00c7elik, \u00f6\u011frencileri Elif Sare G\u00fcng\u00f6r\u2019\u00fcn Amerikan Matematik Olimpiyatlar\u0131\u2019nda alt\u0131n madalya kazand\u0131\u011f\u0131n\u0131 ve kendisinin Singapur\u2019daki yar\u0131\u015fmalarda T\u00fcrkiye\u2019yi temsil edece\u011fini de s\u00f6yledi.<\/p>\n<p>Ba\u015fkan Ba\u015fde\u011firmen\u2019den \u00f6\u011frencilere \u00f6vg\u00fc<br \/>\n<br \/>Belediye Ba\u015fkan\u0131 \u015e\u00fckr\u00fc Ba\u015fde\u011firmen, davetlerinden dolay\u0131 \u015eehit Muhsin Kiremit\u00e7i \u0130mam Hatip Ortaokulu M\u00fcd\u00fcr\u00fc Adnan \u00c7elik, okul aile birli\u011fi ve \u00f6\u011frencilere te\u015fekk\u00fcr etti. Ba\u015fkan Ba\u015fde\u011firmen, &#8220;\u00d6\u011fretmenlerimiz \u00e7ok g\u00fczel \u00e7ocuklar yeti\u015ftiriyor. \u00c7ocuklar\u0131m\u0131za program \u00f6ncesi sohbet etme imkan\u0131m oldu. \u00c7ok zekiler ve gelece\u011fe \u00e7ok g\u00fczel bak\u0131yorlar. \u00dclkemize, devletimize, milletimize katk\u0131 sa\u011flayacak \u00e7ocuklar\u0131m\u0131z yeti\u015fiyor. Bundan dolay\u0131 \u00f6\u011fretmenlerimize te\u015fekk\u00fcr ederim. Voleybol tak\u0131m\u0131m\u0131z\u0131 tebrik ediyorum. \u00c7ocuklar\u0131m\u0131z\u0131 ba\u015far\u0131lar\u0131ndan dolay\u0131 yemekle \u00f6d\u00fcllendirmeniz de g\u00fczel bir olay. Beni davet etti\u011finiz i\u00e7in de ayr\u0131ca te\u015fekk\u00fcr ediyorum&#8221; g\u00f6r\u00fc\u015flerinde bulundu.<br \/><\/p>\n","protected":false},"excerpt":{"rendered":"<p>Isparta Belediye Ba\u015fkan\u0131 \u015e\u00fckr\u00fc Ba\u015fde\u011firmen, \u015eehit Muhsin Kiremit\u00e7i \u0130mam Hatip Ortaokulu\u2019nun k\u0131z ve erkek voleybol tak\u0131mlar\u0131, okul aile birli\u011fi y\u00f6netimi ve beden e\u011fitimi \u00f6\u011fretmenleriyle bir araya geldi. Ba\u015fkan Ba\u015fde\u011firmen, Okul Sporlar\u0131 K\u00fc\u00e7\u00fck Erkekler Voleybol Turnuvas\u0131nda il birincisi olan erkek voleybol tak\u0131m\u0131n\u0131 tebrik etti. \u015eehit Muhsin Kiremit\u00e7i \u0130mam Hatip Ortaokulu Erkek Voleybol Tak\u0131m\u0131, 2025 \u2013 2026&#8230;<\/p>\n","protected":false},"author":1,"featured_media":79980,"comment_status":"open","ping_status":"open","sticky":false,"template":"","format":"standard","meta":{"_crdt_document":"","footnotes":""},"categories":[1],"tags":[],"class_list":["post-79979","post","type-post","status-publish","format-standard","has-post-thumbnail","hentry","category-guncel"],"_links":{"self":[{"href":"https:\/\/www.egemtv.com\/index.php?rest_route=\/wp\/v2\/posts\/79979","targetHints":{"allow":["GET"]}}],"collection":[{"href":"https:\/\/www.egemtv.com\/index.php?rest_route=\/wp\/v2\/posts"}],"about":[{"href":"https:\/\/www.egemtv.com\/index.php?rest_route=\/wp\/v2\/types\/post"}],"author":[{"embeddable":true,"href":"https:\/\/www.egemtv.com\/index.php?rest_route=\/wp\/v2\/users\/1"}],"replies":[{"embeddable":true,"href":"https:\/\/www.egemtv.com\/index.php?rest_route=%2Fwp%2Fv2%2Fcomments&post=79979"}],"version-history":[{"count":1,"href":"https:\/\/www.egemtv.com\/index.php?rest_route=\/wp\/v2\/posts\/79979\/revisions"}],"predecessor-version":[{"id":79981,"href":"https:\/\/www.egemtv.com\/index.php?rest_route=\/wp\/v2\/posts\/79979\/revisions\/79981"}],"wp:featuredmedia":[{"embeddable":true,"href":"https:\/\/www.egemtv.com\/index.php?rest_route=\/wp\/v2\/media\/79980"}],"wp:attachment":[{"href":"https:\/\/www.egemtv.com\/index.php?rest_route=%2Fwp%2Fv2%2Fmedia&parent=79979"}],"wp:term":[{"taxonomy":"category","embeddable":true,"href":"https:\/\/www.egemtv.com\/index.php?rest_route=%2Fwp%2Fv2%2Fcategories&post=79979"},{"taxonomy":"post_tag","embeddable":true,"href":"https:\/\/www.egemtv.com\/index.php?rest_route=%2Fwp%2Fv2%2Ftags&post=79979"}],"curies":[{"name":"wp","href":"https:\/\/api.w.org\/{rel}","templated":true}]}}