{"id":79976,"date":"2026-01-11T14:57:56","date_gmt":"2026-01-11T11:57:56","guid":{"rendered":"https:\/\/www.egemtv.com\/?p=79976"},"modified":"2026-01-11T14:57:56","modified_gmt":"2026-01-11T11:57:56","slug":"ozgur-ozel-denizlide-partilileriyle-bulusuyor","status":"publish","type":"post","link":"https:\/\/www.egemtv.com\/?p=79976","title":{"rendered":"\u00d6zg\u00fcr \u00d6zel, Denizli\u2019de partilileriyle bulu\u015fuyor"},"content":{"rendered":"<p>CHP Genel Ba\u015fkan\u0131 \u00d6zg\u00fcr \u00d6zel Merkezefendi Belediyesi Atat\u00fcrk Bilim Merkezi a\u00e7\u0131l\u0131\u015f\u0131 i\u00e7in Denizli\u2019de olacak. Onlarca vatanda\u015f mitin alan\u0131nda ya\u011fmura ra\u011fmen CHP Genel Ba\u015fkan\u0131 \u00d6zel\u2019i bekledi.<br \/>\n<br \/>Merkezefendi Belediyesi taraf\u0131ndan yap\u0131lan Atat\u00fcrk Bilim Merkezi a\u00e7\u0131l\u0131\u015f\u0131 i\u00e7in Cumhuriyet Halk Partisi Genel Ba\u015fkan\u0131 \u00d6zg\u00fcr \u00d6zel Denizli\u2019ye gelecek. Bilim merkezi \u00f6n\u00fcnde ger\u00e7ekle\u015ftirilecek olan a\u00e7\u0131l\u0131\u015fa ya\u011fmur ya\u011f\u0131\u015f\u0131na ra\u011fmen onlarca vatanda\u015f miting alan\u0131na geldi. Protokol konu\u015fmalar\u0131n\u0131n ard\u0131ndan \u00d6zg\u00fcr \u00d6zel\u2019in vatanda\u015flara sesleniyor.<br \/><\/p>\n","protected":false},"excerpt":{"rendered":"<p>CHP Genel Ba\u015fkan\u0131 \u00d6zg\u00fcr \u00d6zel Merkezefendi Belediyesi Atat\u00fcrk Bilim Merkezi a\u00e7\u0131l\u0131\u015f\u0131 i\u00e7in Denizli\u2019de olacak. Onlarca vatanda\u015f mitin alan\u0131nda ya\u011fmura ra\u011fmen CHP Genel Ba\u015fkan\u0131 \u00d6zel\u2019i bekledi. Merkezefendi Belediyesi taraf\u0131ndan yap\u0131lan Atat\u00fcrk Bilim Merkezi a\u00e7\u0131l\u0131\u015f\u0131 i\u00e7in Cumhuriyet Halk Partisi Genel Ba\u015fkan\u0131 \u00d6zg\u00fcr \u00d6zel Denizli\u2019ye gelecek. Bilim merkezi \u00f6n\u00fcnde ger\u00e7ekle\u015ftirilecek olan a\u00e7\u0131l\u0131\u015fa ya\u011fmur ya\u011f\u0131\u015f\u0131na ra\u011fmen onlarca vatanda\u015f miting&#8230;<\/p>\n","protected":false},"author":1,"featured_media":79977,"comment_status":"open","ping_status":"open","sticky":false,"template":"","format":"standard","meta":{"_crdt_document":"","footnotes":""},"categories":[127],"tags":[],"class_list":["post-79976","post","type-post","status-publish","format-standard","has-post-thumbnail","hentry","category-siyaset"],"_links":{"self":[{"href":"https:\/\/www.egemtv.com\/index.php?rest_route=\/wp\/v2\/posts\/79976","targetHints":{"allow":["GET"]}}],"collection":[{"href":"https:\/\/www.egemtv.com\/index.php?rest_route=\/wp\/v2\/posts"}],"about":[{"href":"https:\/\/www.egemtv.com\/index.php?rest_route=\/wp\/v2\/types\/post"}],"author":[{"embeddable":true,"href":"https:\/\/www.egemtv.com\/index.php?rest_route=\/wp\/v2\/users\/1"}],"replies":[{"embeddable":true,"href":"https:\/\/www.egemtv.com\/index.php?rest_route=%2Fwp%2Fv2%2Fcomments&post=79976"}],"version-history":[{"count":1,"href":"https:\/\/www.egemtv.com\/index.php?rest_route=\/wp\/v2\/posts\/79976\/revisions"}],"predecessor-version":[{"id":79978,"href":"https:\/\/www.egemtv.com\/index.php?rest_route=\/wp\/v2\/posts\/79976\/revisions\/79978"}],"wp:featuredmedia":[{"embeddable":true,"href":"https:\/\/www.egemtv.com\/index.php?rest_route=\/wp\/v2\/media\/79977"}],"wp:attachment":[{"href":"https:\/\/www.egemtv.com\/index.php?rest_route=%2Fwp%2Fv2%2Fmedia&parent=79976"}],"wp:term":[{"taxonomy":"category","embeddable":true,"href":"https:\/\/www.egemtv.com\/index.php?rest_route=%2Fwp%2Fv2%2Fcategories&post=79976"},{"taxonomy":"post_tag","embeddable":true,"href":"https:\/\/www.egemtv.com\/index.php?rest_route=%2Fwp%2Fv2%2Ftags&post=79976"}],"curies":[{"name":"wp","href":"https:\/\/api.w.org\/{rel}","templated":true}]}}