{"id":79973,"date":"2026-01-11T14:57:54","date_gmt":"2026-01-11T11:57:54","guid":{"rendered":"https:\/\/www.egemtv.com\/?p=79973"},"modified":"2026-01-11T14:57:56","modified_gmt":"2026-01-11T11:57:56","slug":"marmaris-orman-isletme-mudurlugunden-yuruyus-yollarinda-temizlik","status":"publish","type":"post","link":"https:\/\/www.egemtv.com\/?p=79973","title":{"rendered":"Marmaris Orman \u0130\u015fletme M\u00fcd\u00fcrl\u00fc\u011f\u00fc\u2019nden y\u00fcr\u00fcy\u00fc\u015f yollar\u0131nda temizlik"},"content":{"rendered":"<p>Mu\u011fla\u2019n\u0131n g\u00f6zde turizm kentlerinden Marmaris il\u00e7esinde, turizmin 12 aya yay\u0131lmas\u0131 amac\u0131yla y\u00fcr\u00fct\u00fclen projeler dahilinde Orman \u0130\u015fletme m\u00fcd\u00fcrl\u00fc\u011f\u00fc ekipleri g\u00fczergah belirleme ve haz\u0131rlama \u00e7al\u0131\u015fmalar\u0131na devam ediyor.<\/p>\n<p>Marmaris Orman \u0130\u015fletme M\u00fcd\u00fcrl\u00fc\u011f\u00fc taraf\u0131ndan yap\u0131m\u0131 planlanan \u2019Karia\u2013Phoenix Ekoturizm Alan\u0131\u2019 i\u00e7in temizlik \u00e7al\u0131\u015fmalar\u0131na ba\u015fland\u0131. S\u00f6\u011f\u00fct ve Ta\u015fl\u0131ca mahalleleri s\u0131n\u0131rlar\u0131 i\u00e7erisinde yer alan alan\u0131n bir b\u00f6l\u00fcm\u00fc, Karia Yolu y\u00fcr\u00fcy\u00fc\u015f g\u00fczergah\u0131 ile kesi\u015fiyor. T\u00fcrkiye\u2019nin \u00f6nemli ve g\u00fczel y\u00fcr\u00fcy\u00fc\u015f rotalar\u0131 aras\u0131nda g\u00f6sterilen parkurda, y\u00fcr\u00fcy\u00fc\u015f\u00e7\u00fcler i\u00e7in planlanan g\u00fczergahlar\u0131n a\u00e7\u0131lmas\u0131 ve temizlik \u00e7al\u0131\u015fmalar\u0131 Mu\u011fla Orman B\u00f6lge M\u00fcd\u00fcrl\u00fc\u011f\u00fc destekleri ile Marmaris Orman i\u015fletme m\u00fcd\u00fcrl\u00fc\u011f\u00fc ekipleri taraf\u0131ndan ger\u00e7ekle\u015ftirildi. Seyir teras\u0131ndan ba\u015flayarak \u00fc\u00e7 ayr\u0131 koya ula\u015fan y\u00fcr\u00fcy\u00fc\u015f yolunda d\u00fczenleme \u00e7al\u0131\u015fmalar\u0131 s\u00fcr\u00fcyor.<\/p>\n<p>\u00d6zellikle \u0130lkbahar ve Sonbahar  mevsimlerinde pop\u00fcler olan ekoturizm alan\u0131nda y\u00fcr\u00fcy\u00fc\u015f\u00e7\u00fcler i\u00e7in belirlenen g\u00fczergahlar\u0131n a\u00e7\u0131lmas\u0131 ve temizlik \u00e7al\u0131\u015fmalar\u0131 el ile hi\u00e7bir i\u015f makinas\u0131 kullan\u0131lmadan tamamen beden g\u00fcc\u00fc ile  ger\u00e7ekle\u015ftirildi. Seyir teras\u0131ndan ba\u015flayan ve \u00fc\u00e7 ayr\u0131 koya ula\u015fan y\u00fcr\u00fcy\u00fc\u015f yolunda, do\u011faya zarar vermeden d\u00fczenlemeler yap\u0131ld\u0131\u011f\u0131 belirtildi.<\/p>\n<p>Proje dahilinde ya\u011fmur bar\u0131naklar\u0131, tan\u0131t\u0131m alanlar\u0131, y\u00f6nlendirme tabelalar\u0131 ve seyir teraslar\u0131n\u0131n yap\u0131lmas\u0131 planlan\u0131yor. \u00c7al\u0131\u015fmalar\u0131n tamamlanmas\u0131n\u0131n ard\u0131ndan k\u0131sa, orta ve uzun mesafeli parkurlar\u0131n olu\u015fturulmas\u0131 i\u00e7in planlamalar ve bak\u0131mlar\u0131 yap\u0131lacak olup toplamda 91 km y\u00fcr\u00fcy\u00fc\u015f parkuru bulunuyor.<\/p>\n<p>Marmaris Orman \u0130\u015fletme M\u00fcd\u00fcrl\u00fc\u011f\u00fc yetkilileri, \u00f6zellikle ilkbahar ve sonbahar aylar\u0131nda do\u011fa y\u00fcr\u00fcy\u00fc\u015f\u00e7\u00fclerinin ekoturizm alan\u0131n\u0131 ziyaret etmesini ama\u00e7lad\u0131klar\u0131n\u0131 belirtti. Karia Yolu ile ba\u011flant\u0131l\u0131 g\u00fczergah sayesinde Ta\u015fl\u0131ca ve S\u00f6\u011f\u00fct Mahallelerinde alternatif turizmin geli\u015ftirilmesi hedeflendi\u011fi vurguland\u0131. Yetkililer ayr\u0131ca  \u0130\u00e7meler Mahallesi ile Turun\u00e7 mahalleleri aras\u0131nda kalan ve Phoenix ile birle\u015fen, Karia y\u00fcr\u00fcy\u00fc\u015f yolunun temizlik \u00e7al\u0131\u015fmalar\u0131n\u0131n devam etti\u011fini, di\u011fer kurumlar\u0131n da destekleri ile yollar\u0131n g\u00fcvenli g\u00fczergahlar olmas\u0131 i\u00e7in haz\u0131rl\u0131klar\u0131n tam oldu\u011funu kaydetti.<br \/><\/p>\n","protected":false},"excerpt":{"rendered":"<p>Mu\u011fla\u2019n\u0131n g\u00f6zde turizm kentlerinden Marmaris il\u00e7esinde, turizmin 12 aya yay\u0131lmas\u0131 amac\u0131yla y\u00fcr\u00fct\u00fclen projeler dahilinde Orman \u0130\u015fletme m\u00fcd\u00fcrl\u00fc\u011f\u00fc ekipleri g\u00fczergah belirleme ve haz\u0131rlama \u00e7al\u0131\u015fmalar\u0131na devam ediyor. Marmaris Orman \u0130\u015fletme M\u00fcd\u00fcrl\u00fc\u011f\u00fc taraf\u0131ndan yap\u0131m\u0131 planlanan \u2019Karia\u2013Phoenix Ekoturizm Alan\u0131\u2019 i\u00e7in temizlik \u00e7al\u0131\u015fmalar\u0131na ba\u015fland\u0131. S\u00f6\u011f\u00fct ve Ta\u015fl\u0131ca mahalleleri s\u0131n\u0131rlar\u0131 i\u00e7erisinde yer alan alan\u0131n bir b\u00f6l\u00fcm\u00fc, Karia Yolu y\u00fcr\u00fcy\u00fc\u015f g\u00fczergah\u0131 ile&#8230;<\/p>\n","protected":false},"author":1,"featured_media":79974,"comment_status":"open","ping_status":"open","sticky":false,"template":"","format":"standard","meta":{"_crdt_document":"","footnotes":""},"categories":[1],"tags":[],"class_list":["post-79973","post","type-post","status-publish","format-standard","has-post-thumbnail","hentry","category-guncel"],"_links":{"self":[{"href":"https:\/\/www.egemtv.com\/index.php?rest_route=\/wp\/v2\/posts\/79973","targetHints":{"allow":["GET"]}}],"collection":[{"href":"https:\/\/www.egemtv.com\/index.php?rest_route=\/wp\/v2\/posts"}],"about":[{"href":"https:\/\/www.egemtv.com\/index.php?rest_route=\/wp\/v2\/types\/post"}],"author":[{"embeddable":true,"href":"https:\/\/www.egemtv.com\/index.php?rest_route=\/wp\/v2\/users\/1"}],"replies":[{"embeddable":true,"href":"https:\/\/www.egemtv.com\/index.php?rest_route=%2Fwp%2Fv2%2Fcomments&post=79973"}],"version-history":[{"count":1,"href":"https:\/\/www.egemtv.com\/index.php?rest_route=\/wp\/v2\/posts\/79973\/revisions"}],"predecessor-version":[{"id":79975,"href":"https:\/\/www.egemtv.com\/index.php?rest_route=\/wp\/v2\/posts\/79973\/revisions\/79975"}],"wp:featuredmedia":[{"embeddable":true,"href":"https:\/\/www.egemtv.com\/index.php?rest_route=\/wp\/v2\/media\/79974"}],"wp:attachment":[{"href":"https:\/\/www.egemtv.com\/index.php?rest_route=%2Fwp%2Fv2%2Fmedia&parent=79973"}],"wp:term":[{"taxonomy":"category","embeddable":true,"href":"https:\/\/www.egemtv.com\/index.php?rest_route=%2Fwp%2Fv2%2Fcategories&post=79973"},{"taxonomy":"post_tag","embeddable":true,"href":"https:\/\/www.egemtv.com\/index.php?rest_route=%2Fwp%2Fv2%2Ftags&post=79973"}],"curies":[{"name":"wp","href":"https:\/\/api.w.org\/{rel}","templated":true}]}}