{"id":79970,"date":"2026-01-11T14:57:53","date_gmt":"2026-01-11T11:57:53","guid":{"rendered":"https:\/\/www.egemtv.com\/?p=79970"},"modified":"2026-01-11T14:57:54","modified_gmt":"2026-01-11T11:57:54","slug":"soforler-odasinda-5-kez-guven-tazeleyen-ozmeric-ayesoba-adayligini-acikladi","status":"publish","type":"post","link":"https:\/\/www.egemtv.com\/?p=79970","title":{"rendered":"\u015eof\u00f6rler Odas\u0131\u2019nda 5. kez g\u00fcven tazeleyen \u00d6zmeri\u00e7, AYESOB\u2019a adayl\u0131\u011f\u0131n\u0131 a\u00e7\u0131klad\u0131"},"content":{"rendered":"<p>Ayd\u0131n \u015eof\u00f6rler Odas\u0131 Ba\u015fkanl\u0131\u011f\u0131 g\u00f6revini kesintisiz olarak 4 d\u00f6nemdir s\u00fcrd\u00fcren Semih \u00d6zmeri\u00e7, bug\u00fcn yap\u0131lan ola\u011fan genel kurulda 5. defa g\u00fcven tazeledi. Ba\u015fkan \u00d6zmeri\u00e7, ola\u011fan genel kurulda yapt\u0131\u011f\u0131 a\u00e7\u0131klamada may\u0131s ay\u0131nda ger\u00e7ekle\u015ftirilecek Ayd\u0131n Esnaf ve Sanatkarlar Odas\u0131\u2019n\u0131n (AYESOB) ola\u011fan genel kurulda ba\u015fkanl\u0131\u011fa aday oldu\u011funu a\u00e7\u0131klad\u0131.<br \/>\n<br \/>Divan Ba\u015fkanl\u0131\u011f\u0131\u2019n\u0131 \u015eof\u00f6rler Odas\u0131\u2019n\u0131n eski ba\u015fkanlar\u0131ndan Ali Tuncal\u2019\u0131n yapt\u0131\u011f\u0131 kongreye kat\u0131l\u0131m\u0131n olduk\u00e7a yo\u011fun olmas\u0131 dikkat \u00e7ekti. Ba\u015fkan \u00d6zmeri\u00e7\u2019ten ba\u015fka aday\u0131n olmad\u0131\u011f\u0131 kongreye Ayd\u0131n Sanayi Ticaret \u0130l M\u00fcd\u00fcr\u00fc Arif Aksu, Ayd\u0131n Kahveciler Odas\u0131 Ba\u015fkan\u0131 U\u011fur Anbarl\u0131, Manifaturac\u0131lar Odas\u0131 Ba\u015fkan\u0131 Kamil Tavil, Berberler Odas\u0131 Ba\u015fkan\u0131 Serhan Av\u015far ba\u015fta olmak \u00fczere, t\u00fcm il\u00e7elerden \u00e7ok say\u0131da oda ba\u015fkan\u0131 ve y\u00f6netimi kat\u0131ld\u0131.<br \/>\n<br \/>T\u00fcm kararlar\u0131n oy birli\u011fi ile al\u0131nd\u0131\u011f\u0131 kongrenin divan ba\u015fkanl\u0131\u011f\u0131n\u0131 yapan Ali Tuncal, 4 d\u00f6nem \u00f6nce kendisine g\u00f6revi teslim etti\u011fi Semih \u00d6zmeri\u00e7\u2019ten \u00f6vg\u00fc ile s\u00f6z ederek &#8220;Benim verdi\u011fim bayra\u011f\u0131 \u00e7ok iyi yerlere g\u00f6t\u00fcr\u00fcyorsun. B\u00f6ylesine g\u00fczel bir kongre i\u00e7in te\u015fekk\u00fcr ediyorum&#8221; diyerek halefine te\u015fekk\u00fcr etti.<br \/>\n<br \/>Se\u00e7imlere ge\u00e7ilmeden \u00f6nce \u00fcyelere ve esnaf-sanatkara seslenen Ba\u015fkan Semih \u00d6zmeri\u00e7, 2010 y\u0131l\u0131ndan bu yana \u015fahs\u0131na ve ekibine g\u00fcvenerek oy veren \u015fof\u00f6r esnaf\u0131na te\u015fekk\u00fcr ederek, &#8220;Bizler de bu g\u00f6reve ve g\u00fcveninize lay\u0131k olabilmek i\u00e7in elimizden gelen gayreti g\u00f6sterip i\u015fimize sahip \u00e7\u0131k\u0131yoruz&#8221; dedi. Konu\u015fmas\u0131na 16 y\u0131ll\u0131k g\u00f6rev s\u00fcresi boyunca yapt\u0131klar\u0131 \u00e7al\u0131\u015fmalardan da s\u00f6z eden \u00d6zmeri\u00e7, &#8220;\u00d6ncelikli hedefimiz \u015fof\u00f6r esnaf\u0131n\u0131n toplum i\u00e7indeki yerinin sayg\u0131n ve g\u00fcvenli\u011finin tescil edilmesidir. \u00c7\u00fcnk\u00fc g\u00fcvenin olmad\u0131\u011f\u0131 hi\u00e7bir yerde huzur ve kazan\u00e7 olmaz&#8221; dedi.<br \/>\n<br \/>&#8220;Birlik ba\u015fkanl\u0131\u011f\u0131 i\u00e7in sizlerden izin istiyorum&#8221;<br \/>\n<br \/>2010 y\u0131l\u0131ndan bu yana ger\u00e7ekle\u015ftirdi\u011fi \u00e7al\u0131\u015fmalardan s\u00f6z ettikten sonra \u00fcst \u00fcste 5. defa g\u00fcven tazelemenin verdi\u011fi mutlulu\u011fun yan\u0131nda sorumlulu\u011fun da bilincinde oldu\u011funu kaydeden \u00d6zmeri\u00e7, &#8220;Bu g\u00fcven ve tecr\u00fcbe sonunda Ayd\u0131n ilimizdeki t\u00fcm esnaf\u0131m\u0131z\u0131n da birer marka olmas\u0131n\u0131 sa\u011flamak t\u00fcm Ayd\u0131n esnaf\u0131n\u0131 temsil edebilmek i\u00e7in may\u0131s ay\u0131nda yap\u0131lacak olan Birlik Ba\u015fkanl\u0131\u011f\u0131\u2019na aday olmak i\u00e7in sizlerden izin istiyorum&#8221; dedi. Ba\u015fkan \u00d6zmeri\u00e7\u2019in bu a\u00e7\u0131klamas\u0131n\u0131 \u00fcyeler ve salondakiler alk\u0131\u015fla destek verdi.<br \/>\n<br \/>Yap\u0131lan se\u00e7imde Ba\u015fkan Semih \u00d6zmeri\u00e7, Atilla Akg\u00fcn, Okan Yal\u00e7\u0131n, Sabri Duru, \u015eakir \u015eahbaz, Orhan Korkmaz, \u00d6nder Ero\u011flu, Hakan Tire, Nuri Kahvecio\u011flu, Nahit Atan, \u00dcmit E\u015fin ve K\u00fc\u00e7\u00fck \u0130smail K\u00f6ker\u2019den olu\u015fan y\u00f6netimi ile 5. defa g\u00fcven tazeledi.<br \/><\/p>\n","protected":false},"excerpt":{"rendered":"<p>Ayd\u0131n \u015eof\u00f6rler Odas\u0131 Ba\u015fkanl\u0131\u011f\u0131 g\u00f6revini kesintisiz olarak 4 d\u00f6nemdir s\u00fcrd\u00fcren Semih \u00d6zmeri\u00e7, bug\u00fcn yap\u0131lan ola\u011fan genel kurulda 5. defa g\u00fcven tazeledi. Ba\u015fkan \u00d6zmeri\u00e7, ola\u011fan genel kurulda yapt\u0131\u011f\u0131 a\u00e7\u0131klamada may\u0131s ay\u0131nda ger\u00e7ekle\u015ftirilecek Ayd\u0131n Esnaf ve Sanatkarlar Odas\u0131\u2019n\u0131n (AYESOB) ola\u011fan genel kurulda ba\u015fkanl\u0131\u011fa aday oldu\u011funu a\u00e7\u0131klad\u0131. Divan Ba\u015fkanl\u0131\u011f\u0131\u2019n\u0131 \u015eof\u00f6rler Odas\u0131\u2019n\u0131n eski ba\u015fkanlar\u0131ndan Ali Tuncal\u2019\u0131n yapt\u0131\u011f\u0131 kongreye kat\u0131l\u0131m\u0131n&#8230;<\/p>\n","protected":false},"author":1,"featured_media":79971,"comment_status":"open","ping_status":"open","sticky":false,"template":"","format":"standard","meta":{"_crdt_document":"","footnotes":""},"categories":[1],"tags":[],"class_list":["post-79970","post","type-post","status-publish","format-standard","has-post-thumbnail","hentry","category-guncel"],"_links":{"self":[{"href":"https:\/\/www.egemtv.com\/index.php?rest_route=\/wp\/v2\/posts\/79970","targetHints":{"allow":["GET"]}}],"collection":[{"href":"https:\/\/www.egemtv.com\/index.php?rest_route=\/wp\/v2\/posts"}],"about":[{"href":"https:\/\/www.egemtv.com\/index.php?rest_route=\/wp\/v2\/types\/post"}],"author":[{"embeddable":true,"href":"https:\/\/www.egemtv.com\/index.php?rest_route=\/wp\/v2\/users\/1"}],"replies":[{"embeddable":true,"href":"https:\/\/www.egemtv.com\/index.php?rest_route=%2Fwp%2Fv2%2Fcomments&post=79970"}],"version-history":[{"count":1,"href":"https:\/\/www.egemtv.com\/index.php?rest_route=\/wp\/v2\/posts\/79970\/revisions"}],"predecessor-version":[{"id":79972,"href":"https:\/\/www.egemtv.com\/index.php?rest_route=\/wp\/v2\/posts\/79970\/revisions\/79972"}],"wp:featuredmedia":[{"embeddable":true,"href":"https:\/\/www.egemtv.com\/index.php?rest_route=\/wp\/v2\/media\/79971"}],"wp:attachment":[{"href":"https:\/\/www.egemtv.com\/index.php?rest_route=%2Fwp%2Fv2%2Fmedia&parent=79970"}],"wp:term":[{"taxonomy":"category","embeddable":true,"href":"https:\/\/www.egemtv.com\/index.php?rest_route=%2Fwp%2Fv2%2Fcategories&post=79970"},{"taxonomy":"post_tag","embeddable":true,"href":"https:\/\/www.egemtv.com\/index.php?rest_route=%2Fwp%2Fv2%2Ftags&post=79970"}],"curies":[{"name":"wp","href":"https:\/\/api.w.org\/{rel}","templated":true}]}}