{"id":79967,"date":"2026-01-11T14:14:37","date_gmt":"2026-01-11T11:14:37","guid":{"rendered":"https:\/\/www.egemtv.com\/?p=79967"},"modified":"2026-01-11T14:14:37","modified_gmt":"2026-01-11T11:14:37","slug":"tavsanlida-19-hafiz-belgelerini-aldi","status":"publish","type":"post","link":"https:\/\/www.egemtv.com\/?p=79967","title":{"rendered":"Tav\u015fanl\u0131\u2019da 19 haf\u0131z belgelerini ald\u0131"},"content":{"rendered":"<p>K\u00fctahya\u2019n\u0131n Tav\u015fanl\u0131 il\u00e7esinde, \u00f6rg\u00fcn e\u011fitimlerini Milli E\u011fitim Bakanl\u0131\u011f\u0131\u2019na ba\u011fl\u0131 okullarda devam eden ve Kavakl\u0131 Kur\u2019an kursunda haf\u0131zl\u0131k program\u0131n\u0131 tamamlayan 19 \u00f6\u011frenci i\u00e7in g\u00f6rkemli bir haf\u0131zl\u0131k merasimi d\u00fczenlendi. Duygu dolu anlar\u0131n ya\u015fand\u0131\u011f\u0131 t\u00f6rende, gen\u00e7 haf\u0131zlar icazetlerini alman\u0131n gururunu ya\u015fad\u0131.<br \/>\n<br \/>Tav\u015fanl\u0131 Kavakl\u0131 Erkek Kur\u2019an Kursu\u2019nda uzun ve titiz bir e\u011fitim s\u00fcrecini ba\u015far\u0131yla noktalayan 19 \u00f6\u011frenci, d\u00fczenlenen t\u00f6renle haf\u0131zl\u0131k belgelerine kavu\u015ftu. H\u00fcsn\u00fc Ordu K\u00fclt\u00fcr Saray\u0131\u2019nda ger\u00e7ekle\u015ftirilen mezuniyet merasimi, il\u00e7e protokol\u00fc, veliler ve \u00e7ok say\u0131da vatanda\u015f\u0131n kat\u0131l\u0131m\u0131yla ger\u00e7ekle\u015fti.<br \/>\n<br \/>Kur\u2019an-\u0131 Kerim tilavetiyle ba\u015flayan programda konu\u015fan Tav\u015fanl\u0131 \u0130l\u00e7e M\u00fcft\u00fcs\u00fc Mevl\u00fct Hakan Asan, haf\u0131zl\u0131k makam\u0131n\u0131n \u00f6nemine de\u011findi. Haf\u0131zl\u0131\u011f\u0131n sadece metin ezberlemekten ibaret olmad\u0131\u011f\u0131n\u0131 vurgulayan Asan, \u015fu ifadeleri kulland\u0131:<br \/>\n<br \/>&#8220;Haf\u0131zl\u0131k, yaln\u0131zca bir ezber de\u011fil hayat\u0131 anlamland\u0131ran, ilmi ve ahlaki bir sorumluluktur. Gen\u00e7 karde\u015flerimizin bu kutsal emaneti hayatlar\u0131 boyunca muhafaza etmelerini ve topluma \u00f6rnek bireyler olarak yeti\u015fmelerini temenni ediyorum. Bu s\u00fcre\u00e7te eme\u011fi ge\u00e7en hocalar\u0131m\u0131za ve sab\u0131rla evlatlar\u0131n\u0131n yan\u0131nda duran ailelerimize te\u015fekk\u00fcr ederim.&#8221;<br \/>\n<br \/>Konu\u015fmalar\u0131n ard\u0131ndan, haf\u0131zl\u0131k e\u011fitimini tamamlayan ba\u015far\u0131l\u0131 \u00f6\u011frenciler tek tek sahneye davet edildi. B\u00fcy\u00fck bir heyecan ve gururla belgelerini alan \u00f6\u011frencilere, protokol \u00fcyeleri taraf\u0131ndan \u00e7e\u015fitli hediyeler takdim edildi.<br \/>\n<br \/>Ayr\u0131ca Tav\u015fanl\u0131 Belediye Ba\u015fkan Yard\u0131mc\u0131lar\u0131 \u0130rfan G\u00fcle\u00e7 ve Aziz Solmaz, \u0130l\u00e7e Milli E\u011fitim M\u00fcd\u00fcr\u00fc Ra\u015fit K\u00fc\u00e7\u00fckka\u011fn\u0131c\u0131, sivil toplum kurulu\u015fu temsilcileri ve \u00e7ok say\u0131da davetli haf\u0131zlar\u0131 bu mutlu g\u00fcnlerinde yaln\u0131z b\u0131rakmad\u0131. Program, hat\u0131ra foto\u011fraf\u0131 \u00e7ekimi ve yap\u0131lan dualar\u0131n ard\u0131ndan sona erdi.<br \/>\n<br \/>T\u00f6rene kat\u0131lan \u00f6nemli isimler aras\u0131nda Diyanet \u0130\u015fleri Ba\u015fkanl\u0131\u011f\u0131 Mushaflar\u0131 \u0130nceleme Kurulu \u00dcyesi Ali \u00d6zgelen, K\u00fctahya Dini \u0130htisas Merkezi M\u00fcd\u00fcr\u00fc \u00d6mer Faruk Osman Akta\u015f, \u0130stanbul Pendik\u2019ten Kurra Haf\u0131z Ahmet Din\u00e7, K\u00fctahya \u0130l M\u00fcft\u00fc Vekili Tahsin Ekim ile Emet, \u00c7avdarhisar, Domani\u00e7 ve \u015eaphane il\u00e7e m\u00fcft\u00fcleri yer ald\u0131.<br \/><\/p>\n","protected":false},"excerpt":{"rendered":"<p>K\u00fctahya\u2019n\u0131n Tav\u015fanl\u0131 il\u00e7esinde, \u00f6rg\u00fcn e\u011fitimlerini Milli E\u011fitim Bakanl\u0131\u011f\u0131\u2019na ba\u011fl\u0131 okullarda devam eden ve Kavakl\u0131 Kur\u2019an kursunda haf\u0131zl\u0131k program\u0131n\u0131 tamamlayan 19 \u00f6\u011frenci i\u00e7in g\u00f6rkemli bir haf\u0131zl\u0131k merasimi d\u00fczenlendi. Duygu dolu anlar\u0131n ya\u015fand\u0131\u011f\u0131 t\u00f6rende, gen\u00e7 haf\u0131zlar icazetlerini alman\u0131n gururunu ya\u015fad\u0131. Tav\u015fanl\u0131 Kavakl\u0131 Erkek Kur\u2019an Kursu\u2019nda uzun ve titiz bir e\u011fitim s\u00fcrecini ba\u015far\u0131yla noktalayan 19 \u00f6\u011frenci, d\u00fczenlenen t\u00f6renle&#8230;<\/p>\n","protected":false},"author":1,"featured_media":79968,"comment_status":"open","ping_status":"open","sticky":false,"template":"","format":"standard","meta":{"_crdt_document":"","footnotes":""},"categories":[1],"tags":[],"class_list":["post-79967","post","type-post","status-publish","format-standard","has-post-thumbnail","hentry","category-guncel"],"_links":{"self":[{"href":"https:\/\/www.egemtv.com\/index.php?rest_route=\/wp\/v2\/posts\/79967","targetHints":{"allow":["GET"]}}],"collection":[{"href":"https:\/\/www.egemtv.com\/index.php?rest_route=\/wp\/v2\/posts"}],"about":[{"href":"https:\/\/www.egemtv.com\/index.php?rest_route=\/wp\/v2\/types\/post"}],"author":[{"embeddable":true,"href":"https:\/\/www.egemtv.com\/index.php?rest_route=\/wp\/v2\/users\/1"}],"replies":[{"embeddable":true,"href":"https:\/\/www.egemtv.com\/index.php?rest_route=%2Fwp%2Fv2%2Fcomments&post=79967"}],"version-history":[{"count":1,"href":"https:\/\/www.egemtv.com\/index.php?rest_route=\/wp\/v2\/posts\/79967\/revisions"}],"predecessor-version":[{"id":79969,"href":"https:\/\/www.egemtv.com\/index.php?rest_route=\/wp\/v2\/posts\/79967\/revisions\/79969"}],"wp:featuredmedia":[{"embeddable":true,"href":"https:\/\/www.egemtv.com\/index.php?rest_route=\/wp\/v2\/media\/79968"}],"wp:attachment":[{"href":"https:\/\/www.egemtv.com\/index.php?rest_route=%2Fwp%2Fv2%2Fmedia&parent=79967"}],"wp:term":[{"taxonomy":"category","embeddable":true,"href":"https:\/\/www.egemtv.com\/index.php?rest_route=%2Fwp%2Fv2%2Fcategories&post=79967"},{"taxonomy":"post_tag","embeddable":true,"href":"https:\/\/www.egemtv.com\/index.php?rest_route=%2Fwp%2Fv2%2Ftags&post=79967"}],"curies":[{"name":"wp","href":"https:\/\/api.w.org\/{rel}","templated":true}]}}