{"id":79964,"date":"2026-01-11T13:55:08","date_gmt":"2026-01-11T10:55:08","guid":{"rendered":"https:\/\/www.egemtv.com\/?p=79964"},"modified":"2026-01-11T13:55:08","modified_gmt":"2026-01-11T10:55:08","slug":"aydin-buyuksehir-belediyesinden-nazilliye-modern-agiz-ve-dis-sagligi-merkezi","status":"publish","type":"post","link":"https:\/\/www.egemtv.com\/?p=79964","title":{"rendered":"Ayd\u0131n B\u00fcy\u00fck\u015fehir Belediyesi\u2019nden Nazilli\u2019ye modern A\u011f\u0131z ve Di\u015f Sa\u011fl\u0131\u011f\u0131 Merkezi"},"content":{"rendered":"<p>Ayd\u0131n B\u00fcy\u00fck\u015fehir Belediyesi yat\u0131r\u0131mlar\u0131na bir yenisini daha ekleyerek Nazilli il\u00e7esine modern bir A\u011f\u0131z ve Di\u015f Sa\u011fl\u0131\u011f\u0131 Merkezi kazand\u0131rmaya haz\u0131rlan\u0131yor.<\/p>\n<p>Ayd\u0131n B\u00fcy\u00fck\u015fehir Belediyesi taraf\u0131ndan hayata ge\u00e7irilecek olan A\u011f\u0131z ve Di\u015f Sa\u011fl\u0131\u011f\u0131 Merkezi\u2019nin, b\u00f6lgedeki a\u011f\u0131z ve di\u015f sa\u011fl\u0131\u011f\u0131 hizmetlerine \u00f6nemli katk\u0131 sa\u011flamas\u0131 hedefleniyor. Merkezde sunulacak sa\u011fl\u0131k hizmetleriyle birlikte Nazilli ve \u00e7evre il\u00e7elerde ya\u015fayan vatanda\u015flar\u0131n a\u011f\u0131z ve di\u015f sa\u011fl\u0131\u011f\u0131na eri\u015fiminin daha kolay ve nitelikli hale gelmesi ama\u00e7lan\u0131yor. Modern t\u0131bbi donan\u0131m ve g\u00fcncel sa\u011fl\u0131k uygulamalar\u0131na uygun \u015fekilde yap\u0131land\u0131r\u0131lan merkezde deneyimli ve uzman sa\u011fl\u0131k personelinin g\u00f6rev yapaca\u011f\u0131 belirtildi. \u00c7a\u011fda\u015f sa\u011fl\u0131k standartlar\u0131na uygun altyap\u0131s\u0131 ve nitelikli kadrosuyla planlanan merkez, \u00e7ok yak\u0131nda vatanda\u015flar\u0131n hizmetine sunulacak.<br \/><\/p>\n","protected":false},"excerpt":{"rendered":"<p>Ayd\u0131n B\u00fcy\u00fck\u015fehir Belediyesi yat\u0131r\u0131mlar\u0131na bir yenisini daha ekleyerek Nazilli il\u00e7esine modern bir A\u011f\u0131z ve Di\u015f Sa\u011fl\u0131\u011f\u0131 Merkezi kazand\u0131rmaya haz\u0131rlan\u0131yor. Ayd\u0131n B\u00fcy\u00fck\u015fehir Belediyesi taraf\u0131ndan hayata ge\u00e7irilecek olan A\u011f\u0131z ve Di\u015f Sa\u011fl\u0131\u011f\u0131 Merkezi\u2019nin, b\u00f6lgedeki a\u011f\u0131z ve di\u015f sa\u011fl\u0131\u011f\u0131 hizmetlerine \u00f6nemli katk\u0131 sa\u011flamas\u0131 hedefleniyor. Merkezde sunulacak sa\u011fl\u0131k hizmetleriyle birlikte Nazilli ve \u00e7evre il\u00e7elerde ya\u015fayan vatanda\u015flar\u0131n a\u011f\u0131z ve di\u015f&#8230;<\/p>\n","protected":false},"author":1,"featured_media":79965,"comment_status":"open","ping_status":"open","sticky":false,"template":"","format":"standard","meta":{"_crdt_document":"","footnotes":""},"categories":[1],"tags":[],"class_list":["post-79964","post","type-post","status-publish","format-standard","has-post-thumbnail","hentry","category-guncel"],"_links":{"self":[{"href":"https:\/\/www.egemtv.com\/index.php?rest_route=\/wp\/v2\/posts\/79964","targetHints":{"allow":["GET"]}}],"collection":[{"href":"https:\/\/www.egemtv.com\/index.php?rest_route=\/wp\/v2\/posts"}],"about":[{"href":"https:\/\/www.egemtv.com\/index.php?rest_route=\/wp\/v2\/types\/post"}],"author":[{"embeddable":true,"href":"https:\/\/www.egemtv.com\/index.php?rest_route=\/wp\/v2\/users\/1"}],"replies":[{"embeddable":true,"href":"https:\/\/www.egemtv.com\/index.php?rest_route=%2Fwp%2Fv2%2Fcomments&post=79964"}],"version-history":[{"count":1,"href":"https:\/\/www.egemtv.com\/index.php?rest_route=\/wp\/v2\/posts\/79964\/revisions"}],"predecessor-version":[{"id":79966,"href":"https:\/\/www.egemtv.com\/index.php?rest_route=\/wp\/v2\/posts\/79964\/revisions\/79966"}],"wp:featuredmedia":[{"embeddable":true,"href":"https:\/\/www.egemtv.com\/index.php?rest_route=\/wp\/v2\/media\/79965"}],"wp:attachment":[{"href":"https:\/\/www.egemtv.com\/index.php?rest_route=%2Fwp%2Fv2%2Fmedia&parent=79964"}],"wp:term":[{"taxonomy":"category","embeddable":true,"href":"https:\/\/www.egemtv.com\/index.php?rest_route=%2Fwp%2Fv2%2Fcategories&post=79964"},{"taxonomy":"post_tag","embeddable":true,"href":"https:\/\/www.egemtv.com\/index.php?rest_route=%2Fwp%2Fv2%2Ftags&post=79964"}],"curies":[{"name":"wp","href":"https:\/\/api.w.org\/{rel}","templated":true}]}}