{"id":79961,"date":"2026-01-11T13:55:07","date_gmt":"2026-01-11T10:55:07","guid":{"rendered":"https:\/\/www.egemtv.com\/?p=79961"},"modified":"2026-01-11T13:55:08","modified_gmt":"2026-01-11T10:55:08","slug":"mhp-milletvekili-erbastan-karsiyaka-maci-icin-taraftarlara-2-otobus-destegi","status":"publish","type":"post","link":"https:\/\/www.egemtv.com\/?p=79961","title":{"rendered":"MHP Milletvekili Erba\u015f\u2019tan Kar\u015f\u0131yaka ma\u00e7\u0131 i\u00e7in taraftarlara 2 otob\u00fcs deste\u011fi"},"content":{"rendered":"<p>MHP K\u00fctahya Milletvekili Ahmet Erba\u015f, K\u00fctahyaspor taraftarlar\u0131na verdi\u011fi desteklerini s\u00fcrd\u00fcr\u00fcyor. Ge\u00e7ti\u011fimiz g\u00fcnlerde deplasman ma\u00e7lar\u0131 i\u00e7in farkl\u0131 taraftar gruplar\u0131na otob\u00fcs temin eden Milletvekili Erba\u015f, bu kez Kar\u015f\u0131yaka deplasman\u0131 i\u00e7in harekete ge\u00e7ti.<br \/>\n<br \/>Erba\u015f, Kar\u015f\u0131yaka ile oynanacak kar\u015f\u0131la\u015fma \u00f6ncesinde farkl\u0131 bir taraftar grubuna 2 otob\u00fcs deste\u011fi sa\u011flad\u0131. Taraftarlar, verilen destekten dolay\u0131 Milletvekili Ahmet Erba\u015f\u2019a te\u015fekk\u00fcr etti.<br \/>\n<br \/>K\u00fctahyaspor\u2019a ve taraftarlara y\u00f6nelik desteklerin devam edece\u011fini belirten Erba\u015f\u2019\u0131n bu giri\u015fimi, spor camias\u0131nda da memnuniyetle kar\u015f\u0131land\u0131.<br \/><\/p>\n","protected":false},"excerpt":{"rendered":"<p>MHP K\u00fctahya Milletvekili Ahmet Erba\u015f, K\u00fctahyaspor taraftarlar\u0131na verdi\u011fi desteklerini s\u00fcrd\u00fcr\u00fcyor. Ge\u00e7ti\u011fimiz g\u00fcnlerde deplasman ma\u00e7lar\u0131 i\u00e7in farkl\u0131 taraftar gruplar\u0131na otob\u00fcs temin eden Milletvekili Erba\u015f, bu kez Kar\u015f\u0131yaka deplasman\u0131 i\u00e7in harekete ge\u00e7ti. Erba\u015f, Kar\u015f\u0131yaka ile oynanacak kar\u015f\u0131la\u015fma \u00f6ncesinde farkl\u0131 bir taraftar grubuna 2 otob\u00fcs deste\u011fi sa\u011flad\u0131. Taraftarlar, verilen destekten dolay\u0131 Milletvekili Ahmet Erba\u015f\u2019a te\u015fekk\u00fcr etti. K\u00fctahyaspor\u2019a ve&#8230;<\/p>\n","protected":false},"author":1,"featured_media":79962,"comment_status":"open","ping_status":"open","sticky":false,"template":"","format":"standard","meta":{"_crdt_document":"","footnotes":""},"categories":[4],"tags":[],"class_list":["post-79961","post","type-post","status-publish","format-standard","has-post-thumbnail","hentry","category-spor"],"_links":{"self":[{"href":"https:\/\/www.egemtv.com\/index.php?rest_route=\/wp\/v2\/posts\/79961","targetHints":{"allow":["GET"]}}],"collection":[{"href":"https:\/\/www.egemtv.com\/index.php?rest_route=\/wp\/v2\/posts"}],"about":[{"href":"https:\/\/www.egemtv.com\/index.php?rest_route=\/wp\/v2\/types\/post"}],"author":[{"embeddable":true,"href":"https:\/\/www.egemtv.com\/index.php?rest_route=\/wp\/v2\/users\/1"}],"replies":[{"embeddable":true,"href":"https:\/\/www.egemtv.com\/index.php?rest_route=%2Fwp%2Fv2%2Fcomments&post=79961"}],"version-history":[{"count":1,"href":"https:\/\/www.egemtv.com\/index.php?rest_route=\/wp\/v2\/posts\/79961\/revisions"}],"predecessor-version":[{"id":79963,"href":"https:\/\/www.egemtv.com\/index.php?rest_route=\/wp\/v2\/posts\/79961\/revisions\/79963"}],"wp:featuredmedia":[{"embeddable":true,"href":"https:\/\/www.egemtv.com\/index.php?rest_route=\/wp\/v2\/media\/79962"}],"wp:attachment":[{"href":"https:\/\/www.egemtv.com\/index.php?rest_route=%2Fwp%2Fv2%2Fmedia&parent=79961"}],"wp:term":[{"taxonomy":"category","embeddable":true,"href":"https:\/\/www.egemtv.com\/index.php?rest_route=%2Fwp%2Fv2%2Fcategories&post=79961"},{"taxonomy":"post_tag","embeddable":true,"href":"https:\/\/www.egemtv.com\/index.php?rest_route=%2Fwp%2Fv2%2Ftags&post=79961"}],"curies":[{"name":"wp","href":"https:\/\/api.w.org\/{rel}","templated":true}]}}