{"id":79955,"date":"2026-01-11T13:14:48","date_gmt":"2026-01-11T10:14:48","guid":{"rendered":"https:\/\/www.egemtv.com\/?p=79955"},"modified":"2026-01-11T13:14:48","modified_gmt":"2026-01-11T10:14:48","slug":"aydinda-en-cok-yagisi-germencik-aldi","status":"publish","type":"post","link":"https:\/\/www.egemtv.com\/?p=79955","title":{"rendered":"Ayd\u0131n\u2019da en \u00e7ok ya\u011f\u0131\u015f\u0131 Germencik ald\u0131"},"content":{"rendered":"<p>Ayd\u0131n\u2019da d\u00fcn ger\u00e7ekle\u015fen ya\u011f\u0131\u015flarla birlikte, en \u00e7ok ya\u011f\u0131\u015f alan il\u00e7e metrekareye 46,8 kilogram ile Germencik oldu.<\/p>\n<p>Ayd\u0131n\u2019da ya\u011f\u0131\u015fl\u0131 hava aral\u0131klarla etkili oluyor. \u0130l genelinde 10.01.2026 06.00 ile 11.01.2026 06.00 saatleri aras\u0131nda kilometrekareye Germencik\u2019te 46.8, Ku\u015fadas\u0131 G\u00fczel\u00e7aml\u0131 39.1, Karacasu 36.3, Didim Akb\u00fck 35.0, Kuyucak 31.5, S\u00f6ke Karakaya 28.3, \u00c7ine Kav\u015fit 27.3, Buharkent 26.4, Sultanhisar 26.2, Karpuzlu 25.5 kilogram ile en \u00e7ok ya\u011f\u0131\u015f alan ilk on il\u00e7e aras\u0131nda yer ald\u0131.<\/p>\n<p>Ya\u011f\u0131\u015fl\u0131 havan\u0131n aral\u0131klarla yar\u0131n sabah saatlerine kadar s\u00fcrmesi bekleniyor.<br \/><\/p>\n","protected":false},"excerpt":{"rendered":"<p>Ayd\u0131n\u2019da d\u00fcn ger\u00e7ekle\u015fen ya\u011f\u0131\u015flarla birlikte, en \u00e7ok ya\u011f\u0131\u015f alan il\u00e7e metrekareye 46,8 kilogram ile Germencik oldu. Ayd\u0131n\u2019da ya\u011f\u0131\u015fl\u0131 hava aral\u0131klarla etkili oluyor. \u0130l genelinde 10.01.2026 06.00 ile 11.01.2026 06.00 saatleri aras\u0131nda kilometrekareye Germencik\u2019te 46.8, Ku\u015fadas\u0131 G\u00fczel\u00e7aml\u0131 39.1, Karacasu 36.3, Didim Akb\u00fck 35.0, Kuyucak 31.5, S\u00f6ke Karakaya 28.3, \u00c7ine Kav\u015fit 27.3, Buharkent 26.4, Sultanhisar 26.2, Karpuzlu&#8230;<\/p>\n","protected":false},"author":1,"featured_media":79956,"comment_status":"open","ping_status":"open","sticky":false,"template":"","format":"standard","meta":{"_crdt_document":"","footnotes":""},"categories":[1],"tags":[],"class_list":["post-79955","post","type-post","status-publish","format-standard","has-post-thumbnail","hentry","category-guncel"],"_links":{"self":[{"href":"https:\/\/www.egemtv.com\/index.php?rest_route=\/wp\/v2\/posts\/79955","targetHints":{"allow":["GET"]}}],"collection":[{"href":"https:\/\/www.egemtv.com\/index.php?rest_route=\/wp\/v2\/posts"}],"about":[{"href":"https:\/\/www.egemtv.com\/index.php?rest_route=\/wp\/v2\/types\/post"}],"author":[{"embeddable":true,"href":"https:\/\/www.egemtv.com\/index.php?rest_route=\/wp\/v2\/users\/1"}],"replies":[{"embeddable":true,"href":"https:\/\/www.egemtv.com\/index.php?rest_route=%2Fwp%2Fv2%2Fcomments&post=79955"}],"version-history":[{"count":1,"href":"https:\/\/www.egemtv.com\/index.php?rest_route=\/wp\/v2\/posts\/79955\/revisions"}],"predecessor-version":[{"id":79957,"href":"https:\/\/www.egemtv.com\/index.php?rest_route=\/wp\/v2\/posts\/79955\/revisions\/79957"}],"wp:featuredmedia":[{"embeddable":true,"href":"https:\/\/www.egemtv.com\/index.php?rest_route=\/wp\/v2\/media\/79956"}],"wp:attachment":[{"href":"https:\/\/www.egemtv.com\/index.php?rest_route=%2Fwp%2Fv2%2Fmedia&parent=79955"}],"wp:term":[{"taxonomy":"category","embeddable":true,"href":"https:\/\/www.egemtv.com\/index.php?rest_route=%2Fwp%2Fv2%2Fcategories&post=79955"},{"taxonomy":"post_tag","embeddable":true,"href":"https:\/\/www.egemtv.com\/index.php?rest_route=%2Fwp%2Fv2%2Ftags&post=79955"}],"curies":[{"name":"wp","href":"https:\/\/api.w.org\/{rel}","templated":true}]}}