{"id":79949,"date":"2026-01-11T13:14:46","date_gmt":"2026-01-11T10:14:46","guid":{"rendered":"https:\/\/www.egemtv.com\/?p=79949"},"modified":"2026-01-11T13:14:47","modified_gmt":"2026-01-11T10:14:47","slug":"misina-tuzagindan-ozgurluge","status":"publish","type":"post","link":"https:\/\/www.egemtv.com\/?p=79949","title":{"rendered":"Misina tuza\u011f\u0131ndan \u00f6zg\u00fcrl\u00fc\u011fe"},"content":{"rendered":"<p>\u0130zmir B\u00fcy\u00fck\u015fehir Belediyesi \u0130tfaiye Dairesi Ba\u015fkanl\u0131\u011f\u0131 ekipleri, do\u011fal ya\u015fam\u0131n korunmas\u0131na y\u00f6nelik bir m\u00fcdahaleye daha imza att\u0131. \u0130tfaiye dalg\u0131\u00e7lar\u0131, \u0130nciralt\u0131\u2019nda aya\u011f\u0131na misina dolanan bir flamingoyu ba\u015far\u0131l\u0131 bir \u00e7al\u0131\u015fmayla kurtararak yeniden do\u011fal ya\u015fam\u0131na kavu\u015fturdu.<br \/>\n<br \/>\u0130zmir B\u00fcy\u00fck\u015fehir Belediyesi \u0130tfaiye Dairesi Ba\u015fkanl\u0131\u011f\u0131, \u0130nciralt\u0131 Bar\u0131\u015f Man\u00e7o K\u00f6pr\u00fcs\u00fc yak\u0131nlar\u0131nda bir flamingonun aya\u011f\u0131na olta misinas\u0131 doland\u0131\u011f\u0131 ihbar\u0131 \u00fczerine ekiplerini h\u0131zla b\u00f6lgeye sevk etti. \u0130tfaiye dalg\u0131\u00e7lar\u0131ndan olu\u015fan 4 ki\u015filik uzman ekip, flamingonun bulundu\u011fu alanda kurtarma \u00e7al\u0131\u015fmas\u0131 ba\u015flatt\u0131. Denizde ve k\u0131y\u0131 hatt\u0131nda y\u00fcr\u00fct\u00fclen dikkatli ve kontroll\u00fc operasyon sonucunda flamingoya ula\u015f\u0131ld\u0131. Aya\u011f\u0131na dolanan misina nedeniyle hareket kabiliyeti k\u0131s\u0131tlanan flamingo, bota al\u0131narak g\u00fcvenli \u015fekilde karaya \u00e7\u0131kar\u0131ld\u0131. Ekipler, hayvana zarar vermeden misinay\u0131 \u00e7\u0131kard\u0131.<br \/>\n<br \/>\u00d6te yandan yetkililer, denizlerde ve sulak alanlarda b\u0131rak\u0131lan bal\u0131k\u00e7\u0131 misinalar\u0131n\u0131n ku\u015flar ve deniz canl\u0131lar\u0131 i\u00e7in ciddi bir tehdit olu\u015fturdu\u011funa dikkat \u00e7ekti. \u00d6zellikle flamingolar, mart\u0131lar ve di\u011fer su ku\u015flar\u0131n\u0131n bu t\u00fcr at\u0131klara s\u0131k\u00e7a tak\u0131ld\u0131\u011f\u0131, bunun da ya\u015famlar\u0131n\u0131 tehlikeye att\u0131\u011f\u0131 vurguland\u0131.<br \/><\/p>\n","protected":false},"excerpt":{"rendered":"<p>\u0130zmir B\u00fcy\u00fck\u015fehir Belediyesi \u0130tfaiye Dairesi Ba\u015fkanl\u0131\u011f\u0131 ekipleri, do\u011fal ya\u015fam\u0131n korunmas\u0131na y\u00f6nelik bir m\u00fcdahaleye daha imza att\u0131. \u0130tfaiye dalg\u0131\u00e7lar\u0131, \u0130nciralt\u0131\u2019nda aya\u011f\u0131na misina dolanan bir flamingoyu ba\u015far\u0131l\u0131 bir \u00e7al\u0131\u015fmayla kurtararak yeniden do\u011fal ya\u015fam\u0131na kavu\u015fturdu. \u0130zmir B\u00fcy\u00fck\u015fehir Belediyesi \u0130tfaiye Dairesi Ba\u015fkanl\u0131\u011f\u0131, \u0130nciralt\u0131 Bar\u0131\u015f Man\u00e7o K\u00f6pr\u00fcs\u00fc yak\u0131nlar\u0131nda bir flamingonun aya\u011f\u0131na olta misinas\u0131 doland\u0131\u011f\u0131 ihbar\u0131 \u00fczerine ekiplerini h\u0131zla b\u00f6lgeye sevk&#8230;<\/p>\n","protected":false},"author":1,"featured_media":79950,"comment_status":"open","ping_status":"open","sticky":false,"template":"","format":"standard","meta":{"_crdt_document":"","footnotes":""},"categories":[5],"tags":[],"class_list":["post-79949","post","type-post","status-publish","format-standard","has-post-thumbnail","hentry","category-asayis"],"_links":{"self":[{"href":"https:\/\/www.egemtv.com\/index.php?rest_route=\/wp\/v2\/posts\/79949","targetHints":{"allow":["GET"]}}],"collection":[{"href":"https:\/\/www.egemtv.com\/index.php?rest_route=\/wp\/v2\/posts"}],"about":[{"href":"https:\/\/www.egemtv.com\/index.php?rest_route=\/wp\/v2\/types\/post"}],"author":[{"embeddable":true,"href":"https:\/\/www.egemtv.com\/index.php?rest_route=\/wp\/v2\/users\/1"}],"replies":[{"embeddable":true,"href":"https:\/\/www.egemtv.com\/index.php?rest_route=%2Fwp%2Fv2%2Fcomments&post=79949"}],"version-history":[{"count":1,"href":"https:\/\/www.egemtv.com\/index.php?rest_route=\/wp\/v2\/posts\/79949\/revisions"}],"predecessor-version":[{"id":79951,"href":"https:\/\/www.egemtv.com\/index.php?rest_route=\/wp\/v2\/posts\/79949\/revisions\/79951"}],"wp:featuredmedia":[{"embeddable":true,"href":"https:\/\/www.egemtv.com\/index.php?rest_route=\/wp\/v2\/media\/79950"}],"wp:attachment":[{"href":"https:\/\/www.egemtv.com\/index.php?rest_route=%2Fwp%2Fv2%2Fmedia&parent=79949"}],"wp:term":[{"taxonomy":"category","embeddable":true,"href":"https:\/\/www.egemtv.com\/index.php?rest_route=%2Fwp%2Fv2%2Fcategories&post=79949"},{"taxonomy":"post_tag","embeddable":true,"href":"https:\/\/www.egemtv.com\/index.php?rest_route=%2Fwp%2Fv2%2Ftags&post=79949"}],"curies":[{"name":"wp","href":"https:\/\/api.w.org\/{rel}","templated":true}]}}