{"id":79946,"date":"2026-01-11T12:55:04","date_gmt":"2026-01-11T09:55:04","guid":{"rendered":"https:\/\/www.egemtv.com\/?p=79946"},"modified":"2026-01-11T12:55:04","modified_gmt":"2026-01-11T09:55:04","slug":"izmirde-60-yillik-ayakkabi-ustasi-teknolojiye-karsi-direniyor","status":"publish","type":"post","link":"https:\/\/www.egemtv.com\/?p=79946","title":{"rendered":"\u0130zmir\u2019de 60 y\u0131ll\u0131k ayakkab\u0131 ustas\u0131 teknolojiye kar\u015f\u0131 direniyor"},"content":{"rendered":"<p>\u0130zmir\u2019de ya\u015fayan 76 ya\u015f\u0131ndaki ayakkab\u0131 ustas\u0131, 16 ya\u015f\u0131nda \u00e7\u0131rak olarak ba\u015flad\u0131\u011f\u0131 ayakkab\u0131 tamircili\u011fi mesle\u011fini 60 y\u0131ld\u0131r s\u00fcrd\u00fcr\u00fcyor. Geli\u015fen teknolojiye ve h\u0131zl\u0131 t\u00fcketim k\u00fclt\u00fcr\u00fcne ra\u011fmen tezgah\u0131n\u0131n ba\u015f\u0131ndan ayr\u0131lmayan usta, unutulmaya y\u00fcz tutmu\u015f zanaat\u0131n son temsilcileri aras\u0131nda yer al\u0131yor.<br \/>\n<br \/>\u0130zmir\u2019de hen\u00fcz 16 ya\u015f\u0131ndayken \u00e7\u0131rak olarak girdi\u011fi d\u00fckkanda yar\u0131m asr\u0131 deviren 76 ya\u015f\u0131ndaki Harun Y\u00fcksektepe, geli\u015fen teknoloji ve fabrikasyon \u00fcretime kar\u015f\u0131 el eme\u011fiyle direnerek mesle\u011fini icra etmeye devam ediyor. Modern makineler yerine deriyle b\u00fct\u00fcnle\u015fmi\u015f el aletleri, k\u00f6sele ve \u00e7eki\u00e7 kullanarak \u00e7al\u0131\u015fan Y\u00fcksektepe, h\u0131zl\u0131 t\u00fcketim al\u0131\u015fkanl\u0131klar\u0131 nedeniyle &#8220;at-al&#8221; k\u00fclt\u00fcr\u00fcn\u00fcn yayg\u0131nla\u015ft\u0131\u011f\u0131 g\u00fcn\u00fcm\u00fczde ayakkab\u0131lar\u0131 tamir ederek yeniden kullan\u0131ma kazand\u0131r\u0131yor.<\/p>\n<p>&#8220;Biz sadece deri dikmiyoruz, hat\u0131ralar\u0131 ya\u015fat\u0131yoruz&#8221;<br \/>\n<br \/>Mesle\u011fini 60 y\u0131ld\u0131r ayn\u0131 heyecanla s\u00fcrd\u00fcrd\u00fc\u011f\u00fcn\u00fc belirten Harun Y\u00fcksektepe, d\u00fckkan\u0131n\u0131n kendisi i\u00e7in sadece bir i\u015f yeri de\u011fil, bir haf\u0131za oldu\u011funu ifade etti. Eski d\u00f6nemlerde e\u015fyaya verilen k\u0131ymete dikkat \u00e7eken Y\u00fcksektepe, &#8220;Eskiden ayakkab\u0131 k\u0131ymetliydi, insan eme\u011fi kutsald\u0131. \u015eimdikiler bir yeri s\u00f6k\u00fcl\u00fcnce \u00e7\u00f6pe at\u0131yor. Biz sadece deri dikmiyoruz, biz hat\u0131ralar\u0131 ya\u015fat\u0131yoruz&#8221; dedi.<\/p>\n<p>\u00c7\u0131rak yeti\u015fmiyor<br \/>\n<br \/>Fabrikasyon \u00fcretimin yayg\u0131nla\u015fmas\u0131, malzeme maliyetlerinin artmas\u0131 ve yeni neslin bedensel emek gerektiren i\u015flere ilgi g\u00f6stermemesi nedeniyle \u00e7\u0131rak bulmakta zorland\u0131klar\u0131n\u0131 belirten Y\u00fcksektepe, mesle\u011fin gelece\u011fi konusundaki endi\u015felerini dile getirdi. Ucuz ve kalitesiz malzemelerden \u00fcretilen ayakkab\u0131lar\u0131n tamir edilmek yerine yenisiyle de\u011fi\u015ftirilmesinin zanaat\u0131 olumsuz etkiledi\u011fini vurgulayan Y\u00fcksektepe, kendisinden sonra d\u00fckkan\u0131n kapanacak olmas\u0131n\u0131n h\u00fczn\u00fcn\u00fc ya\u015fad\u0131\u011f\u0131n\u0131 s\u00f6yledi.<\/p>\n<p>&#8220;Tek korkum benden sonra bu \u00e7ekicin sesinin susmas\u0131&#8221;<br \/>\n<br \/>Mesle\u011fin son demlerinde olduklar\u0131n\u0131 ifade eden Y\u00fcksektepe, &#8220;Bu eller 60 y\u0131l boyunca helal lokma kazand\u0131. Yoruldum mu? Evet. Ama o ayakkab\u0131 bitti\u011finde sahibinin y\u00fcz\u00fcndeki memnuniyeti g\u00f6rmek, t\u00fcm yorgunlu\u011fumu al\u0131yor. Tek korkum, benden sonra bu \u00e7ekicin sesinin susmas\u0131&#8221; diye konu\u015ftu.<br \/><\/p>\n","protected":false},"excerpt":{"rendered":"<p>\u0130zmir\u2019de ya\u015fayan 76 ya\u015f\u0131ndaki ayakkab\u0131 ustas\u0131, 16 ya\u015f\u0131nda \u00e7\u0131rak olarak ba\u015flad\u0131\u011f\u0131 ayakkab\u0131 tamircili\u011fi mesle\u011fini 60 y\u0131ld\u0131r s\u00fcrd\u00fcr\u00fcyor. Geli\u015fen teknolojiye ve h\u0131zl\u0131 t\u00fcketim k\u00fclt\u00fcr\u00fcne ra\u011fmen tezgah\u0131n\u0131n ba\u015f\u0131ndan ayr\u0131lmayan usta, unutulmaya y\u00fcz tutmu\u015f zanaat\u0131n son temsilcileri aras\u0131nda yer al\u0131yor. \u0130zmir\u2019de hen\u00fcz 16 ya\u015f\u0131ndayken \u00e7\u0131rak olarak girdi\u011fi d\u00fckkanda yar\u0131m asr\u0131 deviren 76 ya\u015f\u0131ndaki Harun Y\u00fcksektepe, geli\u015fen teknoloji ve&#8230;<\/p>\n","protected":false},"author":1,"featured_media":79947,"comment_status":"open","ping_status":"open","sticky":false,"template":"","format":"standard","meta":{"_crdt_document":"","footnotes":""},"categories":[123],"tags":[],"class_list":["post-79946","post","type-post","status-publish","format-standard","has-post-thumbnail","hentry","category-gundem"],"_links":{"self":[{"href":"https:\/\/www.egemtv.com\/index.php?rest_route=\/wp\/v2\/posts\/79946","targetHints":{"allow":["GET"]}}],"collection":[{"href":"https:\/\/www.egemtv.com\/index.php?rest_route=\/wp\/v2\/posts"}],"about":[{"href":"https:\/\/www.egemtv.com\/index.php?rest_route=\/wp\/v2\/types\/post"}],"author":[{"embeddable":true,"href":"https:\/\/www.egemtv.com\/index.php?rest_route=\/wp\/v2\/users\/1"}],"replies":[{"embeddable":true,"href":"https:\/\/www.egemtv.com\/index.php?rest_route=%2Fwp%2Fv2%2Fcomments&post=79946"}],"version-history":[{"count":1,"href":"https:\/\/www.egemtv.com\/index.php?rest_route=\/wp\/v2\/posts\/79946\/revisions"}],"predecessor-version":[{"id":79948,"href":"https:\/\/www.egemtv.com\/index.php?rest_route=\/wp\/v2\/posts\/79946\/revisions\/79948"}],"wp:featuredmedia":[{"embeddable":true,"href":"https:\/\/www.egemtv.com\/index.php?rest_route=\/wp\/v2\/media\/79947"}],"wp:attachment":[{"href":"https:\/\/www.egemtv.com\/index.php?rest_route=%2Fwp%2Fv2%2Fmedia&parent=79946"}],"wp:term":[{"taxonomy":"category","embeddable":true,"href":"https:\/\/www.egemtv.com\/index.php?rest_route=%2Fwp%2Fv2%2Fcategories&post=79946"},{"taxonomy":"post_tag","embeddable":true,"href":"https:\/\/www.egemtv.com\/index.php?rest_route=%2Fwp%2Fv2%2Ftags&post=79946"}],"curies":[{"name":"wp","href":"https:\/\/api.w.org\/{rel}","templated":true}]}}