{"id":79943,"date":"2026-01-11T12:55:03","date_gmt":"2026-01-11T09:55:03","guid":{"rendered":"https:\/\/www.egemtv.com\/?p=79943"},"modified":"2026-01-11T12:55:03","modified_gmt":"2026-01-11T09:55:03","slug":"bodrum-kas-arasi-denizlerde-firtina-uyarisi","status":"publish","type":"post","link":"https:\/\/www.egemtv.com\/?p=79943","title":{"rendered":"Bodrum-Ka\u015f aras\u0131 denizlerde f\u0131rt\u0131na uyar\u0131s\u0131"},"content":{"rendered":"<p>Meteoroloji 4. B\u00f6lge M\u00fcd\u00fcrl\u00fc\u011f\u00fc B\u00f6lge Tahmin ve Uyar\u0131 Merkezinden yap\u0131lan a\u00e7\u0131klamada, Mu\u011fla\u2019n\u0131n Bodrum ve Antalya\u2019n\u0131n Ka\u015f il\u00e7esi aras\u0131nda kalan denizlerde f\u0131rt\u0131na uyar\u0131s\u0131 yap\u0131ld\u0131.<br \/>\n<br \/>Yap\u0131lan uyar\u0131da, &#8220;Yap\u0131lan son de\u011ferlendirmelere g\u00f6re denizlerde Bodrum-Ka\u015f aras\u0131nda r\u00fczgar\u0131n (11.01.2026) g\u00fcn\u00fcn ilk saatlerinden itibaren bat\u0131 ve g\u00fcneybat\u0131 y\u00f6nlerden 6 ila 8 kuvvetinde (50-75 km\/saat) f\u0131rt\u0131na, yer yer 9 kuvvetinde (90 km\/saat) kuvvetli f\u0131rt\u0131na \u015feklinde esece\u011fi tahmin edilmektedir. F\u0131rt\u0131nan\u0131n Pazartesi (12.01.2026) g\u00fcn\u00fcn ilk saatlerinden itibaren etkisini kaybetmesi beklenmektedir. F\u0131rt\u0131nayla birlikte ba\u015fta bal\u0131k\u00e7\u0131lar\u0131m\u0131z ve denizcilerimiz olmak \u00fczere meydana gelmesi muhtemel olumsuzluklara kar\u015f\u0131 dikkatli ve tedbirli olunmal\u0131d\u0131r&#8221; denildi.<br \/><\/p>\n","protected":false},"excerpt":{"rendered":"<p>Meteoroloji 4. B\u00f6lge M\u00fcd\u00fcrl\u00fc\u011f\u00fc B\u00f6lge Tahmin ve Uyar\u0131 Merkezinden yap\u0131lan a\u00e7\u0131klamada, Mu\u011fla\u2019n\u0131n Bodrum ve Antalya\u2019n\u0131n Ka\u015f il\u00e7esi aras\u0131nda kalan denizlerde f\u0131rt\u0131na uyar\u0131s\u0131 yap\u0131ld\u0131. Yap\u0131lan uyar\u0131da, &#8220;Yap\u0131lan son de\u011ferlendirmelere g\u00f6re denizlerde Bodrum-Ka\u015f aras\u0131nda r\u00fczgar\u0131n (11.01.2026) g\u00fcn\u00fcn ilk saatlerinden itibaren bat\u0131 ve g\u00fcneybat\u0131 y\u00f6nlerden 6 ila 8 kuvvetinde (50-75 km\/saat) f\u0131rt\u0131na, yer yer 9 kuvvetinde (90 km\/saat)&#8230;<\/p>\n","protected":false},"author":1,"featured_media":79944,"comment_status":"open","ping_status":"open","sticky":false,"template":"","format":"standard","meta":{"_crdt_document":"","footnotes":""},"categories":[1],"tags":[],"class_list":["post-79943","post","type-post","status-publish","format-standard","has-post-thumbnail","hentry","category-guncel"],"_links":{"self":[{"href":"https:\/\/www.egemtv.com\/index.php?rest_route=\/wp\/v2\/posts\/79943","targetHints":{"allow":["GET"]}}],"collection":[{"href":"https:\/\/www.egemtv.com\/index.php?rest_route=\/wp\/v2\/posts"}],"about":[{"href":"https:\/\/www.egemtv.com\/index.php?rest_route=\/wp\/v2\/types\/post"}],"author":[{"embeddable":true,"href":"https:\/\/www.egemtv.com\/index.php?rest_route=\/wp\/v2\/users\/1"}],"replies":[{"embeddable":true,"href":"https:\/\/www.egemtv.com\/index.php?rest_route=%2Fwp%2Fv2%2Fcomments&post=79943"}],"version-history":[{"count":1,"href":"https:\/\/www.egemtv.com\/index.php?rest_route=\/wp\/v2\/posts\/79943\/revisions"}],"predecessor-version":[{"id":79945,"href":"https:\/\/www.egemtv.com\/index.php?rest_route=\/wp\/v2\/posts\/79943\/revisions\/79945"}],"wp:featuredmedia":[{"embeddable":true,"href":"https:\/\/www.egemtv.com\/index.php?rest_route=\/wp\/v2\/media\/79944"}],"wp:attachment":[{"href":"https:\/\/www.egemtv.com\/index.php?rest_route=%2Fwp%2Fv2%2Fmedia&parent=79943"}],"wp:term":[{"taxonomy":"category","embeddable":true,"href":"https:\/\/www.egemtv.com\/index.php?rest_route=%2Fwp%2Fv2%2Fcategories&post=79943"},{"taxonomy":"post_tag","embeddable":true,"href":"https:\/\/www.egemtv.com\/index.php?rest_route=%2Fwp%2Fv2%2Ftags&post=79943"}],"curies":[{"name":"wp","href":"https:\/\/api.w.org\/{rel}","templated":true}]}}