{"id":79937,"date":"2026-01-11T12:34:47","date_gmt":"2026-01-11T09:34:47","guid":{"rendered":"https:\/\/www.egemtv.com\/?p=79937"},"modified":"2026-01-11T12:34:48","modified_gmt":"2026-01-11T09:34:48","slug":"muglada-suskunlar-taraftar-grubu-derneklesti","status":"publish","type":"post","link":"https:\/\/www.egemtv.com\/?p=79937","title":{"rendered":"Mu\u011fla\u2019da Suskunlar Taraftar Grubu dernekle\u015fti"},"content":{"rendered":"<p>Mu\u011fla\u2019n\u0131n taraftar gruplar\u0131ndan Suskunlar, art\u0131k resmi bir dernek olarak faaliyet g\u00f6sterecek. Suskunlar Taraftar Grubu \u00fcyeleri taraf\u0131ndan kurulan 1967 Mu\u011flaspor Taraftarlar Derne\u011fi, d\u00fczenlenen tan\u0131t\u0131m etkinli\u011fi ile kamuoyuna duyuruldu.<\/p>\n<p>Dernek Ba\u015fkan\u0131 Emirhan K\u0131br\u0131sl\u0131 yapt\u0131\u011f\u0131 a\u00e7\u0131klamada, derne\u011fin gen\u00e7leri do\u011fru yola y\u00f6nlendirmek ve sosyal sorumluluk projelerine imza atmak amac\u0131yla kuruldu\u011funu vurgulad\u0131. K\u0131br\u0131sl\u0131, &#8220;G\u00fc\u00e7l\u00fc bir y\u00f6netim kurulu ile yola \u00e7\u0131kt\u0131k. Mu\u011flaspor ve \u015fehrin \u00e7e\u015fitli kurumlar\u0131n\u0131 ziyaret edece\u011fiz. Dernek binam\u0131z\u0131 en k\u0131sa s\u00fcrede a\u00e7\u0131yoruz. Art\u0131k sadece statta tezah\u00fcrat yapan bir grup de\u011fil, Mu\u011fla\u2019ya farkl\u0131 alanlarda hizmet eden bir topluluk olaca\u011f\u0131z.&#8221; dedi. Yeni dernek ile birlikte Suskunlar, hem spor tutkusunu hem de toplumsal fayday\u0131 birle\u015ftirerek, \u015fehre y\u00f6nelik projeler geli\u015ftirmeyi hedefliyor.<br \/><\/p>\n","protected":false},"excerpt":{"rendered":"<p>Mu\u011fla\u2019n\u0131n taraftar gruplar\u0131ndan Suskunlar, art\u0131k resmi bir dernek olarak faaliyet g\u00f6sterecek. Suskunlar Taraftar Grubu \u00fcyeleri taraf\u0131ndan kurulan 1967 Mu\u011flaspor Taraftarlar Derne\u011fi, d\u00fczenlenen tan\u0131t\u0131m etkinli\u011fi ile kamuoyuna duyuruldu. Dernek Ba\u015fkan\u0131 Emirhan K\u0131br\u0131sl\u0131 yapt\u0131\u011f\u0131 a\u00e7\u0131klamada, derne\u011fin gen\u00e7leri do\u011fru yola y\u00f6nlendirmek ve sosyal sorumluluk projelerine imza atmak amac\u0131yla kuruldu\u011funu vurgulad\u0131. K\u0131br\u0131sl\u0131, &#8220;G\u00fc\u00e7l\u00fc bir y\u00f6netim kurulu ile yola \u00e7\u0131kt\u0131k&#8230;.<\/p>\n","protected":false},"author":1,"featured_media":79938,"comment_status":"open","ping_status":"open","sticky":false,"template":"","format":"standard","meta":{"_crdt_document":"","footnotes":""},"categories":[1],"tags":[],"class_list":["post-79937","post","type-post","status-publish","format-standard","has-post-thumbnail","hentry","category-guncel"],"_links":{"self":[{"href":"https:\/\/www.egemtv.com\/index.php?rest_route=\/wp\/v2\/posts\/79937","targetHints":{"allow":["GET"]}}],"collection":[{"href":"https:\/\/www.egemtv.com\/index.php?rest_route=\/wp\/v2\/posts"}],"about":[{"href":"https:\/\/www.egemtv.com\/index.php?rest_route=\/wp\/v2\/types\/post"}],"author":[{"embeddable":true,"href":"https:\/\/www.egemtv.com\/index.php?rest_route=\/wp\/v2\/users\/1"}],"replies":[{"embeddable":true,"href":"https:\/\/www.egemtv.com\/index.php?rest_route=%2Fwp%2Fv2%2Fcomments&post=79937"}],"version-history":[{"count":1,"href":"https:\/\/www.egemtv.com\/index.php?rest_route=\/wp\/v2\/posts\/79937\/revisions"}],"predecessor-version":[{"id":79939,"href":"https:\/\/www.egemtv.com\/index.php?rest_route=\/wp\/v2\/posts\/79937\/revisions\/79939"}],"wp:featuredmedia":[{"embeddable":true,"href":"https:\/\/www.egemtv.com\/index.php?rest_route=\/wp\/v2\/media\/79938"}],"wp:attachment":[{"href":"https:\/\/www.egemtv.com\/index.php?rest_route=%2Fwp%2Fv2%2Fmedia&parent=79937"}],"wp:term":[{"taxonomy":"category","embeddable":true,"href":"https:\/\/www.egemtv.com\/index.php?rest_route=%2Fwp%2Fv2%2Fcategories&post=79937"},{"taxonomy":"post_tag","embeddable":true,"href":"https:\/\/www.egemtv.com\/index.php?rest_route=%2Fwp%2Fv2%2Ftags&post=79937"}],"curies":[{"name":"wp","href":"https:\/\/api.w.org\/{rel}","templated":true}]}}