{"id":79934,"date":"2026-01-11T11:55:06","date_gmt":"2026-01-11T08:55:06","guid":{"rendered":"https:\/\/www.egemtv.com\/?p=79934"},"modified":"2026-01-11T11:55:06","modified_gmt":"2026-01-11T08:55:06","slug":"kasapoglu-gazeteciler-sadece-haber-yapan-degil-toplumun-hafizasini-tutan-insanlardir","status":"publish","type":"post","link":"https:\/\/www.egemtv.com\/?p=79934","title":{"rendered":"Kasapo\u011flu: &#8220;Gazeteciler sadece haber yapan de\u011fil, toplumun haf\u0131zas\u0131n\u0131 tutan insanlard\u0131r&#8221;"},"content":{"rendered":"<p>\u0130zmir\u2019de faaliyet g\u00f6steren yerel bas\u0131n kurulu\u015flar\u0131yla bir araya gelen \u00d6nceki d\u00f6nem Gen\u00e7lik ve Spor Bakan\u0131 AK Parti \u0130zmir Milletvekili ve Engelli Bireylerin Sorunlar\u0131n\u0131 Ara\u015ft\u0131rma Komisyonu Ba\u015fkan\u0131 Dr. Mehmet Kasapo\u011flu, &#8220;Gazeteciler sadece haber yapan de\u011fil, toplumun haf\u0131zas\u0131n\u0131 tutan insanlard\u0131r. Gazeteciler, toplumun g\u00f6ren g\u00f6z\u00fc, i\u015fiten kula\u011f\u0131d\u0131r&#8221; dedi.<br \/>\n<br \/>\u00d6nceki d\u00f6nem Gen\u00e7lik ve Spor Bakan\u0131 AK Parti \u0130zmir Milletvekili ve Engelli Bireylerin Sorunlar\u0131n\u0131 Ara\u015ft\u0131rma Komisyonu Ba\u015fkan\u0131 Dr. Mehmet Kasapo\u011flu, 10 Ocak \u00c7al\u0131\u015fan Gazeteciler G\u00fcn\u00fc vesilesiyle \u0130zmir\u2019de yerel bas\u0131n kurulu\u015flar\u0131n\u0131 ziyaret etti. Ziyaretinde gazetecilik mesle\u011finin toplumun t\u00fcm kesimlerinin ger\u00e7e\u011fe ula\u015fma hakk\u0131n\u0131n teminat\u0131 oldu\u011funun at\u0131n\u0131 \u00e7izen Kasapo\u011flu, &#8220;Kamuoyunun vicdan\u0131n\u0131 temsil eden, zor zamanlarda daha da k\u0131ymetli hale gelen bu mesle\u011fi onurla s\u00fcrd\u00fcren yerelden ulusala t\u00fcm bas\u0131n emek\u00e7ilerimizin 10 Ocak \u00c7al\u0131\u015fan Gazeteciler G\u00fcn\u00fc\u2019n\u00fc y\u00fcrekten kutluyorum&#8221; diyerek meslek \u00e7al\u0131\u015fanlar\u0131n\u0131n bu \u00f6zel g\u00fcn\u00fcn\u00fc tebrik etti.<br \/>\n<br \/>Dr. Kasapo\u011flu; &#8220;Gazetecilik masa ba\u015f\u0131nda biten bir i\u015f de\u011fildir. Kimi zaman bir deprem enkaz\u0131n\u0131n ba\u015f\u0131nda, kimi zaman bir adliye koridorunda, kimi zaman da bir k\u00f6y okulunun bah\u00e7esinde, so\u011fukta, s\u0131cakta, gecenin bir vakti ya da sabah\u0131n erken saatinde b\u00fcy\u00fck bir sorumlulukla fedak\u00e2rl\u0131k ve hakikat aray\u0131\u015f\u0131d\u0131r. Hep ayn\u0131 ama\u00e7la: \u0130nsanlar\u0131n ne olup bitti\u011fini do\u011fru \u015fekilde bilmesi i\u00e7in Bu y\u00fczden gazeteciler sadece haber yapan de\u011fil, toplumun haf\u0131zas\u0131n\u0131 tutan insanlard\u0131r. Gazeteciler, toplumun g\u00f6ren g\u00f6z\u00fc, i\u015fiten kula\u011f\u0131d\u0131r. Son d\u00f6nemde TBMM\u2019de y\u00fcr\u00fctt\u00fc\u011f\u00fcm\u00fcz Engelli Bireylerin Sorunlar\u0131n\u0131 Ara\u015ft\u0131rma Komisyonu \u00e7al\u0131\u015fmalar\u0131nda da bunu \u00e7ok net g\u00f6rd\u00fck. Sahada ya\u015fananlar\u0131, ailelerin sesini, engelli vatanda\u015flar\u0131m\u0131z\u0131n g\u00fcnl\u00fck hayatta kar\u015f\u0131la\u015ft\u0131\u011f\u0131 g\u00f6r\u00fcnmez engelleri kamuoyuna ta\u015f\u0131yan yine sizler oldunuz. Hem sahadaki hem de toplant\u0131lar\u0131m\u0131zdaki sesimizi ve s\u00f6z\u00fcm\u00fcz\u00fc dijital d\u00fcnyaya ta\u015f\u0131yan, engelli karde\u015flerimizin taleplerini g\u00fcndeme getiren ve haz\u0131rlad\u0131\u011f\u0131m\u0131z \u2019eri\u015filebilirlik\u2019 vizyonunu toplumun her kesimine ula\u015ft\u0131ran siz de\u011ferli gazeteciler, bu hak m\u00fccadelesinin en \u00f6nemli payda\u015flar\u0131ndans\u0131n\u0131z. \u2019Engel bireyde de\u011fil, kald\u0131r\u0131mlardad\u0131r\u2019 derken asl\u0131nda bir zihniyet de\u011fi\u015fiminden s\u00f6z ediyoruz. Bu de\u011fi\u015fimin toplumda kar\u015f\u0131l\u0131k bulabilmesi i\u00e7in de g\u00fc\u00e7l\u00fc, \u00f6zg\u00fcr ve sorumluluk sahibi bir bas\u0131na ihtiyac\u0131m\u0131z var. Sizlerin yapt\u0131\u011f\u0131 her haber, att\u0131\u011f\u0131n\u0131z her ba\u015fl\u0131k, \u00e7ekti\u011finiz her kare bu d\u00f6n\u00fc\u015f\u00fcm\u00fcn bir par\u00e7as\u0131. Bu vesileyle; meslek onurunu her \u015feyin \u00fczerinde tutan, zor \u015fartlar alt\u0131nda dahi meslek onurunu koruyan, haber verme g\u00f6revini haktan ve hakikatten ay\u0131rmayan t\u00fcm bas\u0131n \u00e7al\u0131\u015fanlar\u0131na te\u015fekk\u00fcr ediyorum. G\u00f6revi ba\u015f\u0131nda hayat\u0131n\u0131 kaybeden gazetecilerimizi rahmetle an\u0131yor; kalemini, kameras\u0131n\u0131 ve mikrofonunu halk\u0131n hizmetine sunan herkese sa\u011fl\u0131k, kolayl\u0131k ve ba\u015far\u0131 diliyorum&#8221; ifadelerini kulland\u0131.<br \/><\/p>\n","protected":false},"excerpt":{"rendered":"<p>\u0130zmir\u2019de faaliyet g\u00f6steren yerel bas\u0131n kurulu\u015flar\u0131yla bir araya gelen \u00d6nceki d\u00f6nem Gen\u00e7lik ve Spor Bakan\u0131 AK Parti \u0130zmir Milletvekili ve Engelli Bireylerin Sorunlar\u0131n\u0131 Ara\u015ft\u0131rma Komisyonu Ba\u015fkan\u0131 Dr. Mehmet Kasapo\u011flu, &#8220;Gazeteciler sadece haber yapan de\u011fil, toplumun haf\u0131zas\u0131n\u0131 tutan insanlard\u0131r. Gazeteciler, toplumun g\u00f6ren g\u00f6z\u00fc, i\u015fiten kula\u011f\u0131d\u0131r&#8221; dedi. \u00d6nceki d\u00f6nem Gen\u00e7lik ve Spor Bakan\u0131 AK Parti \u0130zmir Milletvekili&#8230;<\/p>\n","protected":false},"author":1,"featured_media":79935,"comment_status":"open","ping_status":"open","sticky":false,"template":"","format":"standard","meta":{"_crdt_document":"","footnotes":""},"categories":[127],"tags":[],"class_list":["post-79934","post","type-post","status-publish","format-standard","has-post-thumbnail","hentry","category-siyaset"],"_links":{"self":[{"href":"https:\/\/www.egemtv.com\/index.php?rest_route=\/wp\/v2\/posts\/79934","targetHints":{"allow":["GET"]}}],"collection":[{"href":"https:\/\/www.egemtv.com\/index.php?rest_route=\/wp\/v2\/posts"}],"about":[{"href":"https:\/\/www.egemtv.com\/index.php?rest_route=\/wp\/v2\/types\/post"}],"author":[{"embeddable":true,"href":"https:\/\/www.egemtv.com\/index.php?rest_route=\/wp\/v2\/users\/1"}],"replies":[{"embeddable":true,"href":"https:\/\/www.egemtv.com\/index.php?rest_route=%2Fwp%2Fv2%2Fcomments&post=79934"}],"version-history":[{"count":1,"href":"https:\/\/www.egemtv.com\/index.php?rest_route=\/wp\/v2\/posts\/79934\/revisions"}],"predecessor-version":[{"id":79936,"href":"https:\/\/www.egemtv.com\/index.php?rest_route=\/wp\/v2\/posts\/79934\/revisions\/79936"}],"wp:featuredmedia":[{"embeddable":true,"href":"https:\/\/www.egemtv.com\/index.php?rest_route=\/wp\/v2\/media\/79935"}],"wp:attachment":[{"href":"https:\/\/www.egemtv.com\/index.php?rest_route=%2Fwp%2Fv2%2Fmedia&parent=79934"}],"wp:term":[{"taxonomy":"category","embeddable":true,"href":"https:\/\/www.egemtv.com\/index.php?rest_route=%2Fwp%2Fv2%2Fcategories&post=79934"},{"taxonomy":"post_tag","embeddable":true,"href":"https:\/\/www.egemtv.com\/index.php?rest_route=%2Fwp%2Fv2%2Ftags&post=79934"}],"curies":[{"name":"wp","href":"https:\/\/api.w.org\/{rel}","templated":true}]}}