{"id":79931,"date":"2026-01-11T11:55:05","date_gmt":"2026-01-11T08:55:05","guid":{"rendered":"https:\/\/www.egemtv.com\/?p=79931"},"modified":"2026-01-11T11:55:06","modified_gmt":"2026-01-11T08:55:06","slug":"afyonkarahisarda-beklenen-kar-yagisi-basladi-3","status":"publish","type":"post","link":"https:\/\/www.egemtv.com\/?p=79931","title":{"rendered":"Afyonkarahisar\u2019da beklenen kar ya\u011f\u0131\u015f\u0131 ba\u015flad\u0131"},"content":{"rendered":"<p>Meteorolojinin uyar\u0131lar\u0131 sonras\u0131 Afyonkarahisar\u2019da beklenen kar ya\u011f\u0131\u015f\u0131 ba\u015flarken hava s\u0131cakl\u0131klar\u0131 da hissedilir derecelerde azald\u0131.<br \/>\n<br \/>Kente beklenen kar ya\u011f\u0131\u015f\u0131 \u00f6\u011fle saatlerinde ba\u015flad\u0131. Sabah ya\u011fmur \u015feklinde ba\u015flayan ya\u011f\u0131\u015f g\u00fcn\u00fcn ilerleyen saatlerinde kar ya\u011f\u0131\u015f\u0131na d\u00f6nd\u00fc. Meteorolojiden al\u0131nan verilere g\u00f6re, ya\u011f\u0131\u015f\u0131n g\u00fcn boyu aral\u0131klarla devam etmesi beklenirken, s\u0131cakl\u0131klarda hissedilir derecelerde azalarak eksi 3 derecelere kadar d\u00fc\u015fmesi bekleniyor. Ya\u011f\u0131\u015f\u0131n zaman zaman karla kar\u0131\u015f\u0131k ya\u011fmur \u015feklinde s\u00fcrece\u011fi tahmin ediliyor.<br \/>\n<br \/>\u00d6te yandan meteorolojiden kent i\u00e7in kuvvetli ya\u011f\u0131\u015f uyar\u0131s\u0131 da yap\u0131ld\u0131.<br \/><\/p>\n","protected":false},"excerpt":{"rendered":"<p>Meteorolojinin uyar\u0131lar\u0131 sonras\u0131 Afyonkarahisar\u2019da beklenen kar ya\u011f\u0131\u015f\u0131 ba\u015flarken hava s\u0131cakl\u0131klar\u0131 da hissedilir derecelerde azald\u0131. Kente beklenen kar ya\u011f\u0131\u015f\u0131 \u00f6\u011fle saatlerinde ba\u015flad\u0131. Sabah ya\u011fmur \u015feklinde ba\u015flayan ya\u011f\u0131\u015f g\u00fcn\u00fcn ilerleyen saatlerinde kar ya\u011f\u0131\u015f\u0131na d\u00f6nd\u00fc. Meteorolojiden al\u0131nan verilere g\u00f6re, ya\u011f\u0131\u015f\u0131n g\u00fcn boyu aral\u0131klarla devam etmesi beklenirken, s\u0131cakl\u0131klarda hissedilir derecelerde azalarak eksi 3 derecelere kadar d\u00fc\u015fmesi bekleniyor. Ya\u011f\u0131\u015f\u0131n zaman&#8230;<\/p>\n","protected":false},"author":1,"featured_media":79932,"comment_status":"open","ping_status":"open","sticky":false,"template":"","format":"standard","meta":{"_crdt_document":"","footnotes":""},"categories":[1],"tags":[],"class_list":["post-79931","post","type-post","status-publish","format-standard","has-post-thumbnail","hentry","category-guncel"],"_links":{"self":[{"href":"https:\/\/www.egemtv.com\/index.php?rest_route=\/wp\/v2\/posts\/79931","targetHints":{"allow":["GET"]}}],"collection":[{"href":"https:\/\/www.egemtv.com\/index.php?rest_route=\/wp\/v2\/posts"}],"about":[{"href":"https:\/\/www.egemtv.com\/index.php?rest_route=\/wp\/v2\/types\/post"}],"author":[{"embeddable":true,"href":"https:\/\/www.egemtv.com\/index.php?rest_route=\/wp\/v2\/users\/1"}],"replies":[{"embeddable":true,"href":"https:\/\/www.egemtv.com\/index.php?rest_route=%2Fwp%2Fv2%2Fcomments&post=79931"}],"version-history":[{"count":1,"href":"https:\/\/www.egemtv.com\/index.php?rest_route=\/wp\/v2\/posts\/79931\/revisions"}],"predecessor-version":[{"id":79933,"href":"https:\/\/www.egemtv.com\/index.php?rest_route=\/wp\/v2\/posts\/79931\/revisions\/79933"}],"wp:featuredmedia":[{"embeddable":true,"href":"https:\/\/www.egemtv.com\/index.php?rest_route=\/wp\/v2\/media\/79932"}],"wp:attachment":[{"href":"https:\/\/www.egemtv.com\/index.php?rest_route=%2Fwp%2Fv2%2Fmedia&parent=79931"}],"wp:term":[{"taxonomy":"category","embeddable":true,"href":"https:\/\/www.egemtv.com\/index.php?rest_route=%2Fwp%2Fv2%2Fcategories&post=79931"},{"taxonomy":"post_tag","embeddable":true,"href":"https:\/\/www.egemtv.com\/index.php?rest_route=%2Fwp%2Fv2%2Ftags&post=79931"}],"curies":[{"name":"wp","href":"https:\/\/api.w.org\/{rel}","templated":true}]}}