{"id":79928,"date":"2026-01-11T11:55:04","date_gmt":"2026-01-11T08:55:04","guid":{"rendered":"https:\/\/www.egemtv.com\/?p=79928"},"modified":"2026-01-11T11:55:05","modified_gmt":"2026-01-11T08:55:05","slug":"kocarli-halk-egitimi-merkezinden-acik-ogretim-kayit-duyurusu","status":"publish","type":"post","link":"https:\/\/www.egemtv.com\/?p=79928","title":{"rendered":"Ko\u00e7arl\u0131 Halk E\u011fitimi Merkezi\u2019nden A\u00e7\u0131k \u00d6\u011fretim kay\u0131t duyurusu"},"content":{"rendered":"<p>Ko\u00e7arl\u0131 Halk E\u011fitimi Merkezi M\u00fcd\u00fcrl\u00fc\u011f\u00fc, A\u00e7\u0131k \u00d6\u011fretim Okullar\u0131 2025-2026 e\u011fitim-\u00f6\u011fretim y\u0131l\u0131 2. d\u00f6nem yeni kay\u0131t ve kay\u0131t yenileme i\u015flemlerinin ba\u015flad\u0131\u011f\u0131n\u0131 duyurdu.<\/p>\n<p>Milli E\u011fitim Bakanl\u0131\u011f\u0131 b\u00fcnyesinde y\u00fcr\u00fct\u00fclen a\u00e7\u0131k \u00f6\u011fretim e\u011fitimine kay\u0131t yapt\u0131rmak veya mevcut kayd\u0131n\u0131 yenilemek isteyen \u00f6\u011frenciler, halk e\u011fitimi merkezi arac\u0131l\u0131\u011f\u0131yla i\u015flem yapabilecek. A\u00e7\u0131k \u00d6\u011fretim Ortaokulu i\u00e7in yeni kay\u0131tlar 8 Ocak 2026-2 \u015eubat 2026 tarihleri aras\u0131nda kabul edilecek. A\u00e7\u0131k \u00d6\u011fretim Lisesi, A\u00e7\u0131k \u00d6\u011fretim \u0130mam Hatip Lisesi ve Mesleki A\u00e7\u0131k \u00d6\u011fretim Lisesi kay\u0131tlar\u0131 ise \u00f6rg\u00fcn e\u011fitimde aktif kayd\u0131 olan \u00f6\u011frenciler i\u00e7in d\u00f6nem atlatma i\u015flemlerinin tamamland\u0131\u011f\u0131 tarihten 2 \u015eubat 2026\u2019ya kadar; di\u011fer \u00f6\u011frenciler i\u00e7inse 8 Ocak 2026-27 Ocak 2026 tarihleri aras\u0131nda yap\u0131lacak. Kay\u0131t yenileme i\u015flemleri de belirlenen takvim \u00e7er\u00e7evesinde ger\u00e7ekle\u015ftirilecek. A\u00e7\u0131k \u00f6\u011fretim \u00f6\u011frencileri i\u00e7in y\u00fcz y\u00fcze yaz\u0131l\u0131 s\u0131navlar 14-15 Mart 2026 tarihlerinde yap\u0131lacak; e-S\u0131nav randevusu olan \u00f6\u011frenciler ise 6 Mart-13 Nisan 2026 tarihleri aras\u0131nda s\u0131nav merkezlerinde s\u0131nava girecek.<\/p>\n<p>Ko\u00e7arl\u0131 Halk E\u011fitimi Merkezi yetkilileri kay\u0131t ve yenileme s\u00fcrecindeki i\u015flemlerle ilgili detayl\u0131 bilginin kurumdan al\u0131nabilece\u011fini belirtti.<br \/><\/p>\n","protected":false},"excerpt":{"rendered":"<p>Ko\u00e7arl\u0131 Halk E\u011fitimi Merkezi M\u00fcd\u00fcrl\u00fc\u011f\u00fc, A\u00e7\u0131k \u00d6\u011fretim Okullar\u0131 2025-2026 e\u011fitim-\u00f6\u011fretim y\u0131l\u0131 2. d\u00f6nem yeni kay\u0131t ve kay\u0131t yenileme i\u015flemlerinin ba\u015flad\u0131\u011f\u0131n\u0131 duyurdu. Milli E\u011fitim Bakanl\u0131\u011f\u0131 b\u00fcnyesinde y\u00fcr\u00fct\u00fclen a\u00e7\u0131k \u00f6\u011fretim e\u011fitimine kay\u0131t yapt\u0131rmak veya mevcut kayd\u0131n\u0131 yenilemek isteyen \u00f6\u011frenciler, halk e\u011fitimi merkezi arac\u0131l\u0131\u011f\u0131yla i\u015flem yapabilecek. A\u00e7\u0131k \u00d6\u011fretim Ortaokulu i\u00e7in yeni kay\u0131tlar 8 Ocak 2026-2 \u015eubat 2026 tarihleri&#8230;<\/p>\n","protected":false},"author":1,"featured_media":79929,"comment_status":"open","ping_status":"open","sticky":false,"template":"","format":"standard","meta":{"_crdt_document":"","footnotes":""},"categories":[1],"tags":[],"class_list":["post-79928","post","type-post","status-publish","format-standard","has-post-thumbnail","hentry","category-guncel"],"_links":{"self":[{"href":"https:\/\/www.egemtv.com\/index.php?rest_route=\/wp\/v2\/posts\/79928","targetHints":{"allow":["GET"]}}],"collection":[{"href":"https:\/\/www.egemtv.com\/index.php?rest_route=\/wp\/v2\/posts"}],"about":[{"href":"https:\/\/www.egemtv.com\/index.php?rest_route=\/wp\/v2\/types\/post"}],"author":[{"embeddable":true,"href":"https:\/\/www.egemtv.com\/index.php?rest_route=\/wp\/v2\/users\/1"}],"replies":[{"embeddable":true,"href":"https:\/\/www.egemtv.com\/index.php?rest_route=%2Fwp%2Fv2%2Fcomments&post=79928"}],"version-history":[{"count":1,"href":"https:\/\/www.egemtv.com\/index.php?rest_route=\/wp\/v2\/posts\/79928\/revisions"}],"predecessor-version":[{"id":79930,"href":"https:\/\/www.egemtv.com\/index.php?rest_route=\/wp\/v2\/posts\/79928\/revisions\/79930"}],"wp:featuredmedia":[{"embeddable":true,"href":"https:\/\/www.egemtv.com\/index.php?rest_route=\/wp\/v2\/media\/79929"}],"wp:attachment":[{"href":"https:\/\/www.egemtv.com\/index.php?rest_route=%2Fwp%2Fv2%2Fmedia&parent=79928"}],"wp:term":[{"taxonomy":"category","embeddable":true,"href":"https:\/\/www.egemtv.com\/index.php?rest_route=%2Fwp%2Fv2%2Fcategories&post=79928"},{"taxonomy":"post_tag","embeddable":true,"href":"https:\/\/www.egemtv.com\/index.php?rest_route=%2Fwp%2Fv2%2Ftags&post=79928"}],"curies":[{"name":"wp","href":"https:\/\/api.w.org\/{rel}","templated":true}]}}