{"id":79925,"date":"2026-01-11T11:34:56","date_gmt":"2026-01-11T08:34:56","guid":{"rendered":"https:\/\/www.egemtv.com\/?p=79925"},"modified":"2026-01-11T11:34:58","modified_gmt":"2026-01-11T08:34:58","slug":"incirliova-belediyesinden-pazarda-sicak-corba-ikrami","status":"publish","type":"post","link":"https:\/\/www.egemtv.com\/?p=79925","title":{"rendered":"\u0130ncirliova Belediyesi\u2019nden pazarda s\u0131cak \u00e7orba ikram\u0131"},"content":{"rendered":"<p>\u0130ncirliova Belediyesi, so\u011fuk k\u0131\u015f g\u00fcnlerinde Pazar Pazar\u0131\u2019nda esnaf ve vatanda\u015flara s\u0131cak \u00e7orba ikram ederek g\u00f6n\u00fclleri \u0131s\u0131tt\u0131.<\/p>\n<p>\u0130ncirliova Belediyesi, so\u011fuk k\u0131\u015f g\u00fcnlerinde pazar esnaf\u0131 ve vatanda\u015flar\u0131 yaln\u0131z b\u0131rakm\u0131yor. Belediye Ba\u015fkan\u0131 Aytekin Kaya\u2019n\u0131n talimat\u0131yla Sosyal Hizmetler Birimi ve Zab\u0131ta M\u00fcd\u00fcrl\u00fc\u011f\u00fc ekipleri taraf\u0131ndan Pazar Pazar\u0131\u2019nda esnaf ve vatanda\u015flara s\u0131cak \u00e7orba ikram\u0131nda bulunuldu. Sabah\u0131n erken saatlerinde ger\u00e7ekle\u015ftirilen ikram, pazarda hem esnaf\u0131n hem de al\u0131\u015fveri\u015f yapan vatanda\u015flar\u0131n y\u00fcz\u00fcn\u00fc g\u00fcld\u00fcrd\u00fc. \u00c7orba ikram\u0131na Belediye Ba\u015fkan Yard\u0131mc\u0131s\u0131 Polat Tanr\u0131kulu da kat\u0131larak esnaf ve vatanda\u015flarla sohbet etti. Belediye yetkilileri, her zaman oldu\u011fu gibi k\u0131\u015f \u015fartlar\u0131nda da esnaf ve vatanda\u015flar\u0131n yan\u0131nda olmaya devam edeceklerini belirtti. \u0130ncirliova Belediyesi taraf\u0131ndan yap\u0131lan a\u00e7\u0131klamada pazar esnaf\u0131na i\u015flerinde kolayl\u0131klar dilenirken, vatanda\u015flara da hay\u0131rl\u0131 al\u0131\u015fveri\u015fler temennisinde bulunuldu.<br \/><\/p>\n","protected":false},"excerpt":{"rendered":"<p>\u0130ncirliova Belediyesi, so\u011fuk k\u0131\u015f g\u00fcnlerinde Pazar Pazar\u0131\u2019nda esnaf ve vatanda\u015flara s\u0131cak \u00e7orba ikram ederek g\u00f6n\u00fclleri \u0131s\u0131tt\u0131. \u0130ncirliova Belediyesi, so\u011fuk k\u0131\u015f g\u00fcnlerinde pazar esnaf\u0131 ve vatanda\u015flar\u0131 yaln\u0131z b\u0131rakm\u0131yor. Belediye Ba\u015fkan\u0131 Aytekin Kaya\u2019n\u0131n talimat\u0131yla Sosyal Hizmetler Birimi ve Zab\u0131ta M\u00fcd\u00fcrl\u00fc\u011f\u00fc ekipleri taraf\u0131ndan Pazar Pazar\u0131\u2019nda esnaf ve vatanda\u015flara s\u0131cak \u00e7orba ikram\u0131nda bulunuldu. Sabah\u0131n erken saatlerinde ger\u00e7ekle\u015ftirilen ikram, pazarda&#8230;<\/p>\n","protected":false},"author":1,"featured_media":79926,"comment_status":"open","ping_status":"open","sticky":false,"template":"","format":"standard","meta":{"_crdt_document":"","footnotes":""},"categories":[1],"tags":[],"class_list":["post-79925","post","type-post","status-publish","format-standard","has-post-thumbnail","hentry","category-guncel"],"_links":{"self":[{"href":"https:\/\/www.egemtv.com\/index.php?rest_route=\/wp\/v2\/posts\/79925","targetHints":{"allow":["GET"]}}],"collection":[{"href":"https:\/\/www.egemtv.com\/index.php?rest_route=\/wp\/v2\/posts"}],"about":[{"href":"https:\/\/www.egemtv.com\/index.php?rest_route=\/wp\/v2\/types\/post"}],"author":[{"embeddable":true,"href":"https:\/\/www.egemtv.com\/index.php?rest_route=\/wp\/v2\/users\/1"}],"replies":[{"embeddable":true,"href":"https:\/\/www.egemtv.com\/index.php?rest_route=%2Fwp%2Fv2%2Fcomments&post=79925"}],"version-history":[{"count":1,"href":"https:\/\/www.egemtv.com\/index.php?rest_route=\/wp\/v2\/posts\/79925\/revisions"}],"predecessor-version":[{"id":79927,"href":"https:\/\/www.egemtv.com\/index.php?rest_route=\/wp\/v2\/posts\/79925\/revisions\/79927"}],"wp:featuredmedia":[{"embeddable":true,"href":"https:\/\/www.egemtv.com\/index.php?rest_route=\/wp\/v2\/media\/79926"}],"wp:attachment":[{"href":"https:\/\/www.egemtv.com\/index.php?rest_route=%2Fwp%2Fv2%2Fmedia&parent=79925"}],"wp:term":[{"taxonomy":"category","embeddable":true,"href":"https:\/\/www.egemtv.com\/index.php?rest_route=%2Fwp%2Fv2%2Fcategories&post=79925"},{"taxonomy":"post_tag","embeddable":true,"href":"https:\/\/www.egemtv.com\/index.php?rest_route=%2Fwp%2Fv2%2Ftags&post=79925"}],"curies":[{"name":"wp","href":"https:\/\/api.w.org\/{rel}","templated":true}]}}