{"id":79922,"date":"2026-01-11T11:14:50","date_gmt":"2026-01-11T08:14:50","guid":{"rendered":"https:\/\/www.egemtv.com\/?p=79922"},"modified":"2026-01-11T11:14:54","modified_gmt":"2026-01-11T08:14:54","slug":"nazillide-ogrencilere-guvenli-trafik-egitimi","status":"publish","type":"post","link":"https:\/\/www.egemtv.com\/?p=79922","title":{"rendered":"Nazilli\u2019de \u00f6\u011frencilere g\u00fcvenli trafik e\u011fitimi"},"content":{"rendered":"<p>Nazilli\u2019de G\u00fcvenli Trafik E\u011fitimi Projesi kapsam\u0131nda Aydo\u011fdu Adnan Menderes \u0130lkokulu \u00f6\u011frencilerine, \u0130l\u00e7e Emniyet M\u00fcd\u00fcrl\u00fc\u011f\u00fc ekipleri taraf\u0131ndan trafik kurallar\u0131 ve yaya g\u00fcvenli\u011fi konular\u0131nda e\u011fitim verildi.<\/p>\n<p>Nazilli \u0130l\u00e7e Milli E\u011fitim M\u00fcd\u00fcrl\u00fc\u011f\u00fc taraf\u0131ndan y\u00fcr\u00fct\u00fclen projelerden biri olan G\u00fcvenli Trafik E\u011fitimi Projesi kapsam\u0131nda e\u011fitim faaliyetleri aral\u0131ks\u0131z devam ediyor. Proje \u00e7er\u00e7evesinde Aydo\u011fdu Adnan Menderes \u0130lkokulu\u2019nda \u00f6\u011frencilere y\u00f6nelik g\u00fcvenli trafik e\u011fitimi d\u00fczenlendi. Nazilli \u0130l\u00e7e Emniyet M\u00fcd\u00fcrl\u00fc\u011f\u00fc ekipleri taraf\u0131ndan verilen e\u011fitimlerde, \u00f6\u011frencilere trafikte uyulmas\u0131 gereken temel kurallar, yaya ve yolcu g\u00fcvenli\u011fi ile trafik bilincinin \u00f6nemi anlat\u0131ld\u0131. Nazilli \u0130l\u00e7e Milli E\u011fitim M\u00fcd\u00fcrl\u00fc\u011f\u00fc yetkilileri, erken ya\u015fta verilen trafik e\u011fitiminin, \u00e7ocuklar\u0131n bilin\u00e7li bireyler olarak yeti\u015fmesinde b\u00fcy\u00fck \u00f6nem ta\u015f\u0131d\u0131\u011f\u0131n\u0131 belirterek, e\u011fitimin ger\u00e7ekle\u015ftirilmesinde eme\u011fi ge\u00e7en t\u00fcm payda\u015flara te\u015fekk\u00fcr etti. Yetkililer ayr\u0131ca, \u00f6\u011frencilere trafik bilinci kazand\u0131rmaya y\u00f6nelik bu t\u00fcr \u00e7al\u0131\u015fmalar\u0131n artarak devam edece\u011fini ifade etti.<br \/><\/p>\n","protected":false},"excerpt":{"rendered":"<p>Nazilli\u2019de G\u00fcvenli Trafik E\u011fitimi Projesi kapsam\u0131nda Aydo\u011fdu Adnan Menderes \u0130lkokulu \u00f6\u011frencilerine, \u0130l\u00e7e Emniyet M\u00fcd\u00fcrl\u00fc\u011f\u00fc ekipleri taraf\u0131ndan trafik kurallar\u0131 ve yaya g\u00fcvenli\u011fi konular\u0131nda e\u011fitim verildi. Nazilli \u0130l\u00e7e Milli E\u011fitim M\u00fcd\u00fcrl\u00fc\u011f\u00fc taraf\u0131ndan y\u00fcr\u00fct\u00fclen projelerden biri olan G\u00fcvenli Trafik E\u011fitimi Projesi kapsam\u0131nda e\u011fitim faaliyetleri aral\u0131ks\u0131z devam ediyor. Proje \u00e7er\u00e7evesinde Aydo\u011fdu Adnan Menderes \u0130lkokulu\u2019nda \u00f6\u011frencilere y\u00f6nelik g\u00fcvenli trafik e\u011fitimi&#8230;<\/p>\n","protected":false},"author":1,"featured_media":79923,"comment_status":"open","ping_status":"open","sticky":false,"template":"","format":"standard","meta":{"_crdt_document":"","footnotes":""},"categories":[1],"tags":[],"class_list":["post-79922","post","type-post","status-publish","format-standard","has-post-thumbnail","hentry","category-guncel"],"_links":{"self":[{"href":"https:\/\/www.egemtv.com\/index.php?rest_route=\/wp\/v2\/posts\/79922","targetHints":{"allow":["GET"]}}],"collection":[{"href":"https:\/\/www.egemtv.com\/index.php?rest_route=\/wp\/v2\/posts"}],"about":[{"href":"https:\/\/www.egemtv.com\/index.php?rest_route=\/wp\/v2\/types\/post"}],"author":[{"embeddable":true,"href":"https:\/\/www.egemtv.com\/index.php?rest_route=\/wp\/v2\/users\/1"}],"replies":[{"embeddable":true,"href":"https:\/\/www.egemtv.com\/index.php?rest_route=%2Fwp%2Fv2%2Fcomments&post=79922"}],"version-history":[{"count":1,"href":"https:\/\/www.egemtv.com\/index.php?rest_route=\/wp\/v2\/posts\/79922\/revisions"}],"predecessor-version":[{"id":79924,"href":"https:\/\/www.egemtv.com\/index.php?rest_route=\/wp\/v2\/posts\/79922\/revisions\/79924"}],"wp:featuredmedia":[{"embeddable":true,"href":"https:\/\/www.egemtv.com\/index.php?rest_route=\/wp\/v2\/media\/79923"}],"wp:attachment":[{"href":"https:\/\/www.egemtv.com\/index.php?rest_route=%2Fwp%2Fv2%2Fmedia&parent=79922"}],"wp:term":[{"taxonomy":"category","embeddable":true,"href":"https:\/\/www.egemtv.com\/index.php?rest_route=%2Fwp%2Fv2%2Fcategories&post=79922"},{"taxonomy":"post_tag","embeddable":true,"href":"https:\/\/www.egemtv.com\/index.php?rest_route=%2Fwp%2Fv2%2Ftags&post=79922"}],"curies":[{"name":"wp","href":"https:\/\/api.w.org\/{rel}","templated":true}]}}