{"id":79919,"date":"2026-01-11T10:55:00","date_gmt":"2026-01-11T07:55:00","guid":{"rendered":"https:\/\/www.egemtv.com\/?p=79919"},"modified":"2026-01-11T10:55:00","modified_gmt":"2026-01-11T07:55:00","slug":"dede-torun-genc-yasli-ayni-safta-bulustu","status":"publish","type":"post","link":"https:\/\/www.egemtv.com\/?p=79919","title":{"rendered":"Dede torun, gen\u00e7 ya\u015fl\u0131 ayn\u0131 safta bulu\u015ftu"},"content":{"rendered":"<p>Efeler \u0130l\u00e7e M\u00fcft\u00fcl\u00fc\u011f\u00fc Gen\u00e7lik Koordinat\u00f6rl\u00fc\u011f\u00fc taraf\u0131ndan d\u00fczenlenen Mahallece Camideyiz program\u0131 kapsam\u0131nda Baltak\u00f6y Mahallesi\u2019nde birlik, dua ve muhabbetin hakim oldu\u011fu anlaml\u0131 bir bulu\u015fma ger\u00e7ekle\u015ftirildi.<\/p>\n<p>Programda dede ve nineler torunlar\u0131yla, anne ve babalar \u00e7ocuklar\u0131yla, gen\u00e7ler ise b\u00fcy\u00fcklerle ayn\u0131 safta, ayn\u0131 duada bir araya geldi. Yo\u011fun kat\u0131l\u0131mla ger\u00e7ekle\u015fen etkinlikte cami, bir kez daha mahallenin bulu\u015fma noktas\u0131 olurken g\u00f6n\u00fcller ortak bir iklimde birle\u015fti. Efeler \u0130l\u00e7e M\u00fcft\u00fcs\u00fc Ramazan Co\u015fkun, programda yapt\u0131\u011f\u0131 sohbetinde camilerin yaln\u0131zca ta\u015f ve duvardan ibaret yap\u0131lar olmad\u0131\u011f\u0131n\u0131, as\u0131l imar\u0131n insanla, ihlasla ve g\u00f6n\u00fclle ger\u00e7ekle\u015fti\u011fini vurgulad\u0131. Umurlu B\u00f6lge Yat\u0131l\u0131 Haf\u0131zl\u0131k Kur\u2019an Kursu \u00f6\u011freticilerinin rehberli\u011finde haf\u0131z \u00f6\u011frenciler taraf\u0131ndan okunan Kur\u2019an-\u0131 Kerim tilaveti ile ilahi ve kasideler, camide manevi bir atmosfer olu\u015fturdu. Program boyunca \u00e7ocuklar ve gen\u00e7ler de unutulmad\u0131. Dergi, balon ve \u015fekerlemelerle sevindirilen miniklerin y\u00fczlerinde tebess\u00fcm olu\u015fturdu. \u0130kramlarla sona eren programda, Efeler \u0130l\u00e7e M\u00fcft\u00fcl\u00fc\u011f\u00fc yetkilileri programa katk\u0131 sunan t\u00fcm g\u00f6revlilere ve kat\u0131l\u0131m sa\u011flayan vatanda\u015flara te\u015fekk\u00fcr ederek, benzer bulu\u015fmalar\u0131n devam edece\u011fini ifade etti.<br \/><\/p>\n","protected":false},"excerpt":{"rendered":"<p>Efeler \u0130l\u00e7e M\u00fcft\u00fcl\u00fc\u011f\u00fc Gen\u00e7lik Koordinat\u00f6rl\u00fc\u011f\u00fc taraf\u0131ndan d\u00fczenlenen Mahallece Camideyiz program\u0131 kapsam\u0131nda Baltak\u00f6y Mahallesi\u2019nde birlik, dua ve muhabbetin hakim oldu\u011fu anlaml\u0131 bir bulu\u015fma ger\u00e7ekle\u015ftirildi. Programda dede ve nineler torunlar\u0131yla, anne ve babalar \u00e7ocuklar\u0131yla, gen\u00e7ler ise b\u00fcy\u00fcklerle ayn\u0131 safta, ayn\u0131 duada bir araya geldi. Yo\u011fun kat\u0131l\u0131mla ger\u00e7ekle\u015fen etkinlikte cami, bir kez daha mahallenin bulu\u015fma noktas\u0131 olurken g\u00f6n\u00fcller&#8230;<\/p>\n","protected":false},"author":1,"featured_media":79920,"comment_status":"open","ping_status":"open","sticky":false,"template":"","format":"standard","meta":{"_crdt_document":"","footnotes":""},"categories":[1],"tags":[],"class_list":["post-79919","post","type-post","status-publish","format-standard","has-post-thumbnail","hentry","category-guncel"],"_links":{"self":[{"href":"https:\/\/www.egemtv.com\/index.php?rest_route=\/wp\/v2\/posts\/79919","targetHints":{"allow":["GET"]}}],"collection":[{"href":"https:\/\/www.egemtv.com\/index.php?rest_route=\/wp\/v2\/posts"}],"about":[{"href":"https:\/\/www.egemtv.com\/index.php?rest_route=\/wp\/v2\/types\/post"}],"author":[{"embeddable":true,"href":"https:\/\/www.egemtv.com\/index.php?rest_route=\/wp\/v2\/users\/1"}],"replies":[{"embeddable":true,"href":"https:\/\/www.egemtv.com\/index.php?rest_route=%2Fwp%2Fv2%2Fcomments&post=79919"}],"version-history":[{"count":1,"href":"https:\/\/www.egemtv.com\/index.php?rest_route=\/wp\/v2\/posts\/79919\/revisions"}],"predecessor-version":[{"id":79921,"href":"https:\/\/www.egemtv.com\/index.php?rest_route=\/wp\/v2\/posts\/79919\/revisions\/79921"}],"wp:featuredmedia":[{"embeddable":true,"href":"https:\/\/www.egemtv.com\/index.php?rest_route=\/wp\/v2\/media\/79920"}],"wp:attachment":[{"href":"https:\/\/www.egemtv.com\/index.php?rest_route=%2Fwp%2Fv2%2Fmedia&parent=79919"}],"wp:term":[{"taxonomy":"category","embeddable":true,"href":"https:\/\/www.egemtv.com\/index.php?rest_route=%2Fwp%2Fv2%2Fcategories&post=79919"},{"taxonomy":"post_tag","embeddable":true,"href":"https:\/\/www.egemtv.com\/index.php?rest_route=%2Fwp%2Fv2%2Ftags&post=79919"}],"curies":[{"name":"wp","href":"https:\/\/api.w.org\/{rel}","templated":true}]}}