{"id":79916,"date":"2026-01-11T10:34:40","date_gmt":"2026-01-11T07:34:40","guid":{"rendered":"https:\/\/www.egemtv.com\/?p=79916"},"modified":"2026-01-11T10:34:41","modified_gmt":"2026-01-11T07:34:41","slug":"kutahya-beyaza-burundu-kar-yagisi-ulasimi-olumsuz-etkiledi","status":"publish","type":"post","link":"https:\/\/www.egemtv.com\/?p=79916","title":{"rendered":"K\u00fctahya beyaza b\u00fcr\u00fcnd\u00fc, kar ya\u011f\u0131\u015f\u0131 ula\u015f\u0131m\u0131 olumsuz etkiledi"},"content":{"rendered":"<p>K\u00fctahya \u015fehir merkezinde etkili olan kar ya\u011f\u0131\u015f\u0131, kenti k\u0131sa s\u00fcrede beyaza b\u00fcr\u00fcd\u00fc. Lapa lapa ya\u011fan kar, g\u00fczel manzaralar olu\u015ftururken vatanda\u015flar ya\u011f\u0131\u015f\u0131 sevin\u00e7le kar\u015f\u0131lad\u0131. Baz\u0131 vatanda\u015flar ise kar ya\u011f\u0131\u015f\u0131n\u0131n artarak devam etmesini temenni etti.<br \/>\n<br \/>\u00d6te yandan, K\u00fctahya-Tav\u015fanl\u0131 kara yolunda etkili olan yo\u011fun kar ya\u011f\u0131\u015f\u0131 ve buzlanma, ula\u015f\u0131mda aksamalara neden oldu. Kayganla\u015fan yolda kontrolden \u00e7\u0131kan baz\u0131 ara\u00e7lar ref\u00fcje \u00e7arparak maddi hasarl\u0131 kazalara kar\u0131\u015ft\u0131. G\u00f6r\u00fc\u015f mesafesinin azalmas\u0131 ve yolun tamamen beyaza b\u00fcr\u00fcnmesi nedeniyle bir\u00e7ok s\u00fcr\u00fcc\u00fc ilerlemekte g\u00fc\u00e7l\u00fck \u00e7ekti.<br \/>\n<br \/>K\u00fctahya genelinde sabah saatlerinden itibaren etkisini art\u0131ran kar ya\u011f\u0131\u015f\u0131, \u00f6zellikle y\u00fcksek kesimler ile \u015fehirleraras\u0131 yollarda trafik ak\u0131\u015f\u0131n\u0131 yava\u015flatt\u0131. K\u00fctahya-Tav\u015fanl\u0131 kara yolunun \u00e7e\u015fitli noktalar\u0131nda kar ve gizli buzlanma nedeniyle s\u00fcr\u00fcc\u00fcler zor anlar ya\u015fad\u0131. Kar ya\u011f\u0131\u015f\u0131na haz\u0131rl\u0131ks\u0131z yakalanan ya da direksiyon h\u00e2kimiyetini kaybeden baz\u0131 otomobiller yoldan \u00e7\u0131karak ref\u00fcje \u00e7arpt\u0131. Meydana gelen kazalarda can kayb\u0131 veya yaralanma ya\u015fanmazken, ara\u00e7larda maddi hasar olu\u015ftu.<\/p>\n<p>Baz\u0131 s\u00fcr\u00fcc\u00fcler beklemeyi tercih etti<br \/>\n<br \/>Yo\u011fun kar ya\u011f\u0131\u015f\u0131 ve d\u00fc\u015f\u00fck g\u00f6r\u00fc\u015f mesafesi nedeniyle risk almak istemeyen \u00e7ok say\u0131da s\u00fcr\u00fcc\u00fc, ara\u00e7lar\u0131n\u0131 emniyet \u015feridine ve yol kenar\u0131ndaki uygun alanlara \u00e7ekerek beklemeye ba\u015flad\u0131. Kara yollar\u0131 ekiplerinin tuzlama ve kar k\u00fcreme \u00e7al\u0131\u015fmalar\u0131n\u0131 bekleyen s\u00fcr\u00fcc\u00fcler, yolun g\u00fcvenli hale gelmesinin ard\u0131ndan yola devam edeceklerini ifade etti.<br \/>\n<br \/>Trafik ekipleri, K\u00fctahya-Tav\u015fanl\u0131 yolunu kullanacak s\u00fcr\u00fcc\u00fcleri k\u0131\u015f lasti\u011fi, zincir ve \u00e7ekme halat\u0131 bulundurmalar\u0131 konusunda uyar\u0131rken, a\u015f\u0131r\u0131 h\u0131zdan ve ani fren yapmaktan ka\u00e7\u0131n\u0131lmas\u0131 gerekti\u011fini vurgulad\u0131. Kara yollar\u0131 ekiplerinin b\u00f6lgede kar k\u00fcreme ve tuzlama \u00e7al\u0131\u015fmalar\u0131n\u0131 aral\u0131ks\u0131z s\u00fcrd\u00fcrd\u00fc\u011f\u00fc bildirildi.<br \/><\/p>\n","protected":false},"excerpt":{"rendered":"<p>K\u00fctahya \u015fehir merkezinde etkili olan kar ya\u011f\u0131\u015f\u0131, kenti k\u0131sa s\u00fcrede beyaza b\u00fcr\u00fcd\u00fc. Lapa lapa ya\u011fan kar, g\u00fczel manzaralar olu\u015ftururken vatanda\u015flar ya\u011f\u0131\u015f\u0131 sevin\u00e7le kar\u015f\u0131lad\u0131. Baz\u0131 vatanda\u015flar ise kar ya\u011f\u0131\u015f\u0131n\u0131n artarak devam etmesini temenni etti. \u00d6te yandan, K\u00fctahya-Tav\u015fanl\u0131 kara yolunda etkili olan yo\u011fun kar ya\u011f\u0131\u015f\u0131 ve buzlanma, ula\u015f\u0131mda aksamalara neden oldu. Kayganla\u015fan yolda kontrolden \u00e7\u0131kan baz\u0131 ara\u00e7lar&#8230;<\/p>\n","protected":false},"author":1,"featured_media":79917,"comment_status":"open","ping_status":"open","sticky":false,"template":"","format":"standard","meta":{"_crdt_document":"","footnotes":""},"categories":[5],"tags":[],"class_list":["post-79916","post","type-post","status-publish","format-standard","has-post-thumbnail","hentry","category-asayis"],"_links":{"self":[{"href":"https:\/\/www.egemtv.com\/index.php?rest_route=\/wp\/v2\/posts\/79916","targetHints":{"allow":["GET"]}}],"collection":[{"href":"https:\/\/www.egemtv.com\/index.php?rest_route=\/wp\/v2\/posts"}],"about":[{"href":"https:\/\/www.egemtv.com\/index.php?rest_route=\/wp\/v2\/types\/post"}],"author":[{"embeddable":true,"href":"https:\/\/www.egemtv.com\/index.php?rest_route=\/wp\/v2\/users\/1"}],"replies":[{"embeddable":true,"href":"https:\/\/www.egemtv.com\/index.php?rest_route=%2Fwp%2Fv2%2Fcomments&post=79916"}],"version-history":[{"count":1,"href":"https:\/\/www.egemtv.com\/index.php?rest_route=\/wp\/v2\/posts\/79916\/revisions"}],"predecessor-version":[{"id":79918,"href":"https:\/\/www.egemtv.com\/index.php?rest_route=\/wp\/v2\/posts\/79916\/revisions\/79918"}],"wp:featuredmedia":[{"embeddable":true,"href":"https:\/\/www.egemtv.com\/index.php?rest_route=\/wp\/v2\/media\/79917"}],"wp:attachment":[{"href":"https:\/\/www.egemtv.com\/index.php?rest_route=%2Fwp%2Fv2%2Fmedia&parent=79916"}],"wp:term":[{"taxonomy":"category","embeddable":true,"href":"https:\/\/www.egemtv.com\/index.php?rest_route=%2Fwp%2Fv2%2Fcategories&post=79916"},{"taxonomy":"post_tag","embeddable":true,"href":"https:\/\/www.egemtv.com\/index.php?rest_route=%2Fwp%2Fv2%2Ftags&post=79916"}],"curies":[{"name":"wp","href":"https:\/\/api.w.org\/{rel}","templated":true}]}}