{"id":79913,"date":"2026-01-11T09:34:48","date_gmt":"2026-01-11T06:34:48","guid":{"rendered":"https:\/\/www.egemtv.com\/?p=79913"},"modified":"2026-01-11T09:34:49","modified_gmt":"2026-01-11T06:34:49","slug":"aydinda-spora-ilk-adim-projesi-devam-ediyor","status":"publish","type":"post","link":"https:\/\/www.egemtv.com\/?p=79913","title":{"rendered":"Ayd\u0131n\u2019da spora ilk ad\u0131m projesi devam ediyor"},"content":{"rendered":"<p>Ayd\u0131n\u2019da \u00f6\u011frencileri spora erken ya\u015fta y\u00f6nlendirmek amac\u0131yla y\u00fcr\u00fct\u00fclen Spora \u0130lk Ad\u0131m Projesi devam ediyor.<\/p>\n<p>Ayd\u0131n Gen\u00e7lik ve Spor \u0130l M\u00fcd\u00fcrl\u00fc\u011f\u00fc koordinesinde Ayd\u0131n\u2019da d\u00fczenlenen Spora \u0130lk Ad\u0131m projesi kapsam\u0131nda \u00e7ocuklar\u0131n erken ya\u015fta spor al\u0131\u015fkanl\u0131\u011f\u0131 kazanmas\u0131, hareketli ya\u015famla bulu\u015fmas\u0131 ve spor k\u00fclt\u00fcr\u00fcn\u00fcn k\u00fc\u00e7\u00fck ya\u015flardan itibaren benimsetilmesi hedefleniyor. Ger\u00e7ekle\u015ftirilen \u00e7al\u0131\u015fmalarda \u00e7ocuklar hem e\u011fleniyor hem de sporun temel unsurlar\u0131yla tan\u0131\u015f\u0131yor. Hareket, oyun ve disiplinin bir arada sunuldu\u011fu proje sayesinde minikler fiziksel geli\u015fimlerini desteklerken, sosyal becerilerini de geli\u015ftirme imkan\u0131 buluyor. \u00c7ocuklara sporun sadece rekabet de\u011fil ayn\u0131 zamanda e\u011flence ve sa\u011fl\u0131kl\u0131 ya\u015fam\u0131n bir par\u00e7as\u0131 oldu\u011fu da anlat\u0131l\u0131yor.<\/p>\n<p>Yetkililer, benzer projelerle \u00e7ocuklar\u0131n spora y\u00f6nlendirilmesine ve sa\u011fl\u0131kl\u0131 nesiller yeti\u015ftirilmesine y\u00f6nelik \u00e7al\u0131\u015fmalar\u0131n devam edece\u011fini belirtti.<br \/><\/p>\n","protected":false},"excerpt":{"rendered":"<p>Ayd\u0131n\u2019da \u00f6\u011frencileri spora erken ya\u015fta y\u00f6nlendirmek amac\u0131yla y\u00fcr\u00fct\u00fclen Spora \u0130lk Ad\u0131m Projesi devam ediyor. Ayd\u0131n Gen\u00e7lik ve Spor \u0130l M\u00fcd\u00fcrl\u00fc\u011f\u00fc koordinesinde Ayd\u0131n\u2019da d\u00fczenlenen Spora \u0130lk Ad\u0131m projesi kapsam\u0131nda \u00e7ocuklar\u0131n erken ya\u015fta spor al\u0131\u015fkanl\u0131\u011f\u0131 kazanmas\u0131, hareketli ya\u015famla bulu\u015fmas\u0131 ve spor k\u00fclt\u00fcr\u00fcn\u00fcn k\u00fc\u00e7\u00fck ya\u015flardan itibaren benimsetilmesi hedefleniyor. Ger\u00e7ekle\u015ftirilen \u00e7al\u0131\u015fmalarda \u00e7ocuklar hem e\u011fleniyor hem de sporun temel unsurlar\u0131yla&#8230;<\/p>\n","protected":false},"author":1,"featured_media":79914,"comment_status":"open","ping_status":"open","sticky":false,"template":"","format":"standard","meta":{"_crdt_document":"","footnotes":""},"categories":[4],"tags":[],"class_list":["post-79913","post","type-post","status-publish","format-standard","has-post-thumbnail","hentry","category-spor"],"_links":{"self":[{"href":"https:\/\/www.egemtv.com\/index.php?rest_route=\/wp\/v2\/posts\/79913","targetHints":{"allow":["GET"]}}],"collection":[{"href":"https:\/\/www.egemtv.com\/index.php?rest_route=\/wp\/v2\/posts"}],"about":[{"href":"https:\/\/www.egemtv.com\/index.php?rest_route=\/wp\/v2\/types\/post"}],"author":[{"embeddable":true,"href":"https:\/\/www.egemtv.com\/index.php?rest_route=\/wp\/v2\/users\/1"}],"replies":[{"embeddable":true,"href":"https:\/\/www.egemtv.com\/index.php?rest_route=%2Fwp%2Fv2%2Fcomments&post=79913"}],"version-history":[{"count":1,"href":"https:\/\/www.egemtv.com\/index.php?rest_route=\/wp\/v2\/posts\/79913\/revisions"}],"predecessor-version":[{"id":79915,"href":"https:\/\/www.egemtv.com\/index.php?rest_route=\/wp\/v2\/posts\/79913\/revisions\/79915"}],"wp:featuredmedia":[{"embeddable":true,"href":"https:\/\/www.egemtv.com\/index.php?rest_route=\/wp\/v2\/media\/79914"}],"wp:attachment":[{"href":"https:\/\/www.egemtv.com\/index.php?rest_route=%2Fwp%2Fv2%2Fmedia&parent=79913"}],"wp:term":[{"taxonomy":"category","embeddable":true,"href":"https:\/\/www.egemtv.com\/index.php?rest_route=%2Fwp%2Fv2%2Fcategories&post=79913"},{"taxonomy":"post_tag","embeddable":true,"href":"https:\/\/www.egemtv.com\/index.php?rest_route=%2Fwp%2Fv2%2Ftags&post=79913"}],"curies":[{"name":"wp","href":"https:\/\/api.w.org\/{rel}","templated":true}]}}