{"id":79910,"date":"2026-01-11T00:34:40","date_gmt":"2026-01-10T21:34:40","guid":{"rendered":"https:\/\/www.egemtv.com\/?p=79910"},"modified":"2026-01-11T00:34:41","modified_gmt":"2026-01-10T21:34:41","slug":"kutahyada-ambulans-ile-otomobil-carpisti-1-yarali","status":"publish","type":"post","link":"https:\/\/www.egemtv.com\/?p=79910","title":{"rendered":"K\u00fctahya\u2019da ambulans ile otomobil \u00e7arp\u0131\u015ft\u0131: 1 yaral\u0131"},"content":{"rendered":"<p>K\u00fctahya\u2019n\u0131n Tav\u015fanl\u0131 il\u00e7esinde otomobil ile ambulans\u0131n \u00e7arp\u0131\u015fmas\u0131 sonucu meydana gelen trafik kazas\u0131nda 1 ki\u015fi yaraland\u0131.<br \/>\n<br \/>Kaza, Tav\u015fanl\u0131 \u00e7evreyolu Emet \u0131\u015f\u0131kl\u0131 kav\u015fa\u011f\u0131nda meydana geldi. K\u00fctahya\u2019daki \u00f6zel bir hastaneden Bursa\u2019ya hasta nakli yapan 43 AAE 411 plakal\u0131 ambulans, Emet \u0131\u015f\u0131kl\u0131 kav\u015fa\u011fa geldi\u011fi s\u0131rada, Tepecik istikametinden \u00e7evreyoluna d\u00f6nmekte olan Hasan Bayram\u2019\u0131n kulland\u0131\u011f\u0131 43 HB 051 plakal\u0131 otomobil ile \u00e7arp\u0131\u015ft\u0131.<br \/>\n<br \/>Kazan\u0131n ihbar edilmesi \u00fczerine olay yerine 112 Acil Sa\u011fl\u0131k ve polis ekipleri sevk edildi. Meydana gelen kazada otomobil s\u00fcr\u00fcc\u00fcs\u00fc Hasan Bayram yaraland\u0131. Yaral\u0131 s\u00fcr\u00fcc\u00fc, olay yerinde yap\u0131lan ilk m\u00fcdahalenin ard\u0131ndan Tav\u015fanl\u0131 Do\u00e7. Dr. Mustafa Kalemli Devlet Hastanesi\u2019ne kald\u0131r\u0131ld\u0131.<br \/>\n<br \/>Yaralanan Hasan Bayram\u2019\u0131n Tav\u015fanl\u0131 Bakkallar ve Bayiler Odas\u0131 Ba\u015fkan\u0131 oldu\u011fu ve sa\u011fl\u0131k durumunun iyi oldu\u011fu \u00f6\u011frenildi. Ambulansta bulunan hasta ise ba\u015fka bir ambulansla sevk edildi.<br \/><\/p>\n","protected":false},"excerpt":{"rendered":"<p>K\u00fctahya\u2019n\u0131n Tav\u015fanl\u0131 il\u00e7esinde otomobil ile ambulans\u0131n \u00e7arp\u0131\u015fmas\u0131 sonucu meydana gelen trafik kazas\u0131nda 1 ki\u015fi yaraland\u0131. Kaza, Tav\u015fanl\u0131 \u00e7evreyolu Emet \u0131\u015f\u0131kl\u0131 kav\u015fa\u011f\u0131nda meydana geldi. K\u00fctahya\u2019daki \u00f6zel bir hastaneden Bursa\u2019ya hasta nakli yapan 43 AAE 411 plakal\u0131 ambulans, Emet \u0131\u015f\u0131kl\u0131 kav\u015fa\u011fa geldi\u011fi s\u0131rada, Tepecik istikametinden \u00e7evreyoluna d\u00f6nmekte olan Hasan Bayram\u2019\u0131n kulland\u0131\u011f\u0131 43 HB 051 plakal\u0131 otomobil ile&#8230;<\/p>\n","protected":false},"author":1,"featured_media":79911,"comment_status":"open","ping_status":"open","sticky":false,"template":"","format":"standard","meta":{"_crdt_document":"","footnotes":""},"categories":[5],"tags":[],"class_list":["post-79910","post","type-post","status-publish","format-standard","has-post-thumbnail","hentry","category-asayis"],"_links":{"self":[{"href":"https:\/\/www.egemtv.com\/index.php?rest_route=\/wp\/v2\/posts\/79910","targetHints":{"allow":["GET"]}}],"collection":[{"href":"https:\/\/www.egemtv.com\/index.php?rest_route=\/wp\/v2\/posts"}],"about":[{"href":"https:\/\/www.egemtv.com\/index.php?rest_route=\/wp\/v2\/types\/post"}],"author":[{"embeddable":true,"href":"https:\/\/www.egemtv.com\/index.php?rest_route=\/wp\/v2\/users\/1"}],"replies":[{"embeddable":true,"href":"https:\/\/www.egemtv.com\/index.php?rest_route=%2Fwp%2Fv2%2Fcomments&post=79910"}],"version-history":[{"count":1,"href":"https:\/\/www.egemtv.com\/index.php?rest_route=\/wp\/v2\/posts\/79910\/revisions"}],"predecessor-version":[{"id":79912,"href":"https:\/\/www.egemtv.com\/index.php?rest_route=\/wp\/v2\/posts\/79910\/revisions\/79912"}],"wp:featuredmedia":[{"embeddable":true,"href":"https:\/\/www.egemtv.com\/index.php?rest_route=\/wp\/v2\/media\/79911"}],"wp:attachment":[{"href":"https:\/\/www.egemtv.com\/index.php?rest_route=%2Fwp%2Fv2%2Fmedia&parent=79910"}],"wp:term":[{"taxonomy":"category","embeddable":true,"href":"https:\/\/www.egemtv.com\/index.php?rest_route=%2Fwp%2Fv2%2Fcategories&post=79910"},{"taxonomy":"post_tag","embeddable":true,"href":"https:\/\/www.egemtv.com\/index.php?rest_route=%2Fwp%2Fv2%2Ftags&post=79910"}],"curies":[{"name":"wp","href":"https:\/\/api.w.org\/{rel}","templated":true}]}}