{"id":79907,"date":"2026-01-10T23:35:55","date_gmt":"2026-01-10T20:35:55","guid":{"rendered":"https:\/\/www.egemtv.com\/?p=79907"},"modified":"2026-01-10T23:35:56","modified_gmt":"2026-01-10T20:35:56","slug":"mavinin-isimsiz-kahramanlari-belgeselinin-ilk-gosterimi-yapildi","status":"publish","type":"post","link":"https:\/\/www.egemtv.com\/?p=79907","title":{"rendered":"Mavi\u2019nin \u0130simsiz Kahramanlar\u0131 belgeselinin ilk g\u00f6sterimi yap\u0131ld\u0131"},"content":{"rendered":"<p>Mu\u011fla\u2019n\u0131n Bodrum il\u00e7esinde s\u00fcngerci Mehmet Ba\u015f\u2019\u0131n ya\u015fam\u0131n\u0131n anlat\u0131ld\u0131\u011f\u0131 &#8220;Mavi\u2019nin \u0130simsiz Kahramanlar\u0131&#8221; adl\u0131 belgeselin ilk g\u00f6sterimi, \u00fcnl\u00fc oyuncu Ata Demirer\u2019in de kat\u0131l\u0131m\u0131yla yap\u0131ld\u0131.<br \/>\n<br \/>&#8220;Aksona Mehmet&#8221; lakapl\u0131 76 ya\u015f\u0131ndaki Mehmet Ba\u015f\u2019\u0131n ge\u00e7en eyl\u00fcl ay\u0131nda Kuzey Ege\u2019ye yapt\u0131\u011f\u0131 seferde \u00e7ekilen belgesel, Bodrumlu s\u00fcngerci Aksona\u2019n\u0131n yan\u0131 s\u0131ra engin maviliklere g\u00f6n\u00fcl verenlerin hikayesini de anlat\u0131yor. Y\u00f6netmenli\u011fini \u00dcnal Altunyaymak\u2019\u0131n \u00fcstlendi\u011fi belgeselin g\u00f6sterimi, Nurol K\u00fclt\u00fcr Merkezi\u2019nde Aksona\u2019n\u0131n do\u011fum g\u00fcn\u00fc olan 10 Ocak\u2019ta ger\u00e7ekle\u015ftirildi. G\u00f6sterime Mehmet Ba\u015f\u2019\u0131n ailesi ve sevenlerinin yan\u0131 s\u0131ra Mu\u011fla B\u00fcy\u00fck\u015fehir Belediye Ba\u015fkan\u0131 Ahmet Aras, Mente\u015fe Belediye Ba\u015fkan\u0131 Gonca K\u00f6ksal Aras, Bodrum Belediye Ba\u015fkan Yard\u0131mc\u0131s\u0131 Ercan Pehlivan, Deniz Ticaret Odas\u0131 Bodrum \u015eube Ba\u015fkan\u0131 Orhan Din\u00e7, \u00fcnl\u00fc oyuncu ve Aksona\u2019n\u0131n yak\u0131n dostu olan Ata Demirer ile sevgilisi Dilara Alemdar kat\u0131ld\u0131. Belgesel g\u00f6sterimi s\u0131ras\u0131nda duygusal anlar da ya\u015fand\u0131.<br \/>\n<br \/>G\u00f6sterim sonras\u0131 konu\u015fan Mehmet Ba\u015f, son y\u0131llarda yapt\u0131\u011f\u0131 dal\u0131\u015flarda deniz dibindeki ya\u015fam\u0131n yok olmaya ba\u015flad\u0131\u011f\u0131n\u0131 g\u00f6rd\u00fc\u011f\u00fcn\u00fc ifade ederek, &#8220;Bir asra yak\u0131n \u00f6m\u00fcr, nereye evrildik? \u0130\u00e7im s\u0131z\u0131m s\u0131z\u0131m s\u0131zl\u0131yor. Ya\u015fad\u0131\u011f\u0131 topraklar\u0131 cennet ve cehennem yapan \u00fczerinde ya\u015fayan insanlar\u0131n kalitesidir, vizyonudur. Bana koca deryan\u0131n \u00f6\u011fretisi bu ama \u00fcz\u00fclerek s\u00f6yleyeyim, ya\u015fad\u0131\u011f\u0131 cennet co\u011frafyay\u0131 cehenneme \u00e7eviren bir millet olarak tarihe ge\u00e7tik. Bundan dolay\u0131 \u00e7ok \u00fcz\u00fcl\u00fcyorum&#8221; dedi.<br \/>\n<br \/>Aksona, belgeselde eme\u011fi ge\u00e7enlere ve kendisini yaln\u0131z b\u0131rakmayanlara te\u015fekk\u00fcr etti.<br \/>\n<br \/>\u00dcnl\u00fc oyuncu Ata Demirer ise, &#8220;Aksona Mehmet&#8221; ile nas\u0131l tan\u0131\u015ft\u0131\u011f\u0131ndan bahsederek, &#8220;Ben \u00e7ocukken babam bana bir maske ald\u0131. Ben daha k\u00fc\u00e7\u00fckt\u00fcm, 7-8 ya\u015f\u0131nda faland\u0131m. Suyun alt\u0131na bakt\u0131m, bakar bakmaz deniz beni se\u00e7ti. Yani mavi \u00e7ocuklardan biri olacakt\u0131m, o belliydi. A\u015f\u0131k oldum hemen. \u015eerif Sofular\u2019\u0131n o zaman bir kitab\u0131 vard\u0131, Dal\u0131\u015f D\u00fcnyas\u0131 diye. Sayfalar\u0131 \u00e7evirdim, orada s\u00fcnger dal\u0131\u015flar\u0131, siyah-beyaz bir foto\u011fraf. Mehmet a\u011fabeyi ilk kez o foto\u011frafta g\u00f6rd\u00fcm. \u00c7ocuktum g\u00f6rd\u00fc\u011f\u00fcmde. Ben tekneyi \u00e7izmeye ba\u015flad\u0131m, b\u00f6yle karpuz dilimi gibi. T\u0131rhandil \u00e7izdim defterlere, hep bir teknem olsun istedim. Y\u0131llar ge\u00e7ti, sonra bir g\u00fcn \u0130stanbul\u2019da Boat Show\u2019da Mehmet a\u011fabeyle tan\u0131\u015ft\u0131m. Sonra dostlu\u011fumuz ba\u015flad\u0131. Sonra bir t\u0131rhandil sahibi oldum. Sonra bakamad\u0131m, filmler \u00e7ok tutunca sonra bir ba\u015fka t\u0131rhandile Mehmet a\u011fabeyin vesilesiyle sahip oldum&#8221; dedi.<br \/>\n<br \/>Denizlerin korunmas\u0131nda yeni nesile \u00e7ok g\u00fcvendi\u011fini s\u00f6yleyen Demirer, &#8220;Denizlerin k\u00f6t\u00fcye gitti\u011fi \u00e7ok a\u015fikar ama ben de\u011fi\u015fime inan\u0131yorum. Belki bizden sonraki nesiller, \u015fimdi 2000 ku\u015fa\u011f\u0131nda do\u011fan \u00e7ocuklar. Ben hepsine g\u00fcveniyorum. Yani fark\u0131nda olabilirler. Bu ku\u015fak ortadan kalk\u0131nca onlar, \u2018O\u011flum, biz ne yap\u0131yoruz? Biz ekme\u011fimizle oynuyoruz. \u015eu an can\u0131m\u0131zla oynuyoruz. Hayat\u0131m\u0131zla oynuyoruz\u2019 deyip baz\u0131 \u015feyleri de\u011fi\u015ftirebilirler. Misal, Yunanistan\u2019da 40 metre \u00fczerinde olan g\u0131rg\u0131rla bal\u0131k avlama tekni\u011fi bizde 23 metre. Beykoz\u2019da \u00e7ay i\u00e7iyorsun, adam \u00f6n\u00fcnde g\u0131rg\u0131rla l\u00fcfer kald\u0131r\u0131yor falan. Ve savunmas\u0131 da \u015fu: \u2018Biz bunu \u015fimdi \u00e7evirmezsek buradan \u00e7\u0131kacak, Bulgaristan\u2019da avlayacaklar, Yunanistan\u2019da avlayacaklar\u2019 gibi mant\u0131k var. Hani bu avlama \u015fekilleri belki biter, belki Deniz M\u00fcste\u015farl\u0131\u011f\u0131 ve Denizcilik Bakanl\u0131\u011f\u0131 olur bir g\u00fcn. Bunlar\u0131 bo\u015fa gitti zannetme Mehmet a\u011fabey. Mehmet a\u011fabey benim i\u00e7in bir su evliyas\u0131d\u0131r, bir Anadolu erenidir. Mavi Anadolu ereni Mehmet a\u011fabeyi \u00e7ok seviyorum. Bu arada \u00e7ok acayip k\u00f6t\u00fc \u015feyler \u00f6\u011fretti bana, \u00e7i\u011f bal\u0131k yapmay\u0131, Yunan usul\u00fc ahtapot yapmay\u0131, teknede k\u0131zartma yapmay\u0131p \u0131zgara pi\u015firmeyi filan. Sa\u011f ol, var ol&#8221; diye konu\u015ftu.<br \/>\n<br \/>Mu\u011fla B\u00fcy\u00fck\u015fehir Belediye Ba\u015fkan\u0131 Ahmet Aras da, &#8220;Mehmet a\u011fabeyin ya\u015fam\u0131n\u0131n \u00f6l\u00fcms\u00fcz bir belgeselde bulu\u015fmas\u0131 \u00e7ok b\u00fcy\u00fck bir mutluluk. Ben Bodrum Belediye Ba\u015fkan\u0131yken kendisiyle birlikte \u00e7al\u0131\u015ft\u0131k. Mehmet a\u011fabey denizci ama ayn\u0131 zamanda bir \u00e7evreci. Denizlerin korunmas\u0131 i\u00e7in de \u00e7ok \u00e7al\u0131\u015f\u0131yor, bize de \u00e7ok b\u00fcy\u00fck \u015feyler anlat\u0131yor. Biz de denizlerin korunmas\u0131ndan sorumluyuz&#8221; dedi.<br \/><\/p>\n","protected":false},"excerpt":{"rendered":"<p>Mu\u011fla\u2019n\u0131n Bodrum il\u00e7esinde s\u00fcngerci Mehmet Ba\u015f\u2019\u0131n ya\u015fam\u0131n\u0131n anlat\u0131ld\u0131\u011f\u0131 &#8220;Mavi\u2019nin \u0130simsiz Kahramanlar\u0131&#8221; adl\u0131 belgeselin ilk g\u00f6sterimi, \u00fcnl\u00fc oyuncu Ata Demirer\u2019in de kat\u0131l\u0131m\u0131yla yap\u0131ld\u0131. &#8220;Aksona Mehmet&#8221; lakapl\u0131 76 ya\u015f\u0131ndaki Mehmet Ba\u015f\u2019\u0131n ge\u00e7en eyl\u00fcl ay\u0131nda Kuzey Ege\u2019ye yapt\u0131\u011f\u0131 seferde \u00e7ekilen belgesel, Bodrumlu s\u00fcngerci Aksona\u2019n\u0131n yan\u0131 s\u0131ra engin maviliklere g\u00f6n\u00fcl verenlerin hikayesini de anlat\u0131yor. Y\u00f6netmenli\u011fini \u00dcnal Altunyaymak\u2019\u0131n \u00fcstlendi\u011fi belgeselin&#8230;<\/p>\n","protected":false},"author":1,"featured_media":79908,"comment_status":"open","ping_status":"open","sticky":false,"template":"","format":"standard","meta":{"_crdt_document":"","footnotes":""},"categories":[1],"tags":[],"class_list":["post-79907","post","type-post","status-publish","format-standard","has-post-thumbnail","hentry","category-guncel"],"_links":{"self":[{"href":"https:\/\/www.egemtv.com\/index.php?rest_route=\/wp\/v2\/posts\/79907","targetHints":{"allow":["GET"]}}],"collection":[{"href":"https:\/\/www.egemtv.com\/index.php?rest_route=\/wp\/v2\/posts"}],"about":[{"href":"https:\/\/www.egemtv.com\/index.php?rest_route=\/wp\/v2\/types\/post"}],"author":[{"embeddable":true,"href":"https:\/\/www.egemtv.com\/index.php?rest_route=\/wp\/v2\/users\/1"}],"replies":[{"embeddable":true,"href":"https:\/\/www.egemtv.com\/index.php?rest_route=%2Fwp%2Fv2%2Fcomments&post=79907"}],"version-history":[{"count":1,"href":"https:\/\/www.egemtv.com\/index.php?rest_route=\/wp\/v2\/posts\/79907\/revisions"}],"predecessor-version":[{"id":79909,"href":"https:\/\/www.egemtv.com\/index.php?rest_route=\/wp\/v2\/posts\/79907\/revisions\/79909"}],"wp:featuredmedia":[{"embeddable":true,"href":"https:\/\/www.egemtv.com\/index.php?rest_route=\/wp\/v2\/media\/79908"}],"wp:attachment":[{"href":"https:\/\/www.egemtv.com\/index.php?rest_route=%2Fwp%2Fv2%2Fmedia&parent=79907"}],"wp:term":[{"taxonomy":"category","embeddable":true,"href":"https:\/\/www.egemtv.com\/index.php?rest_route=%2Fwp%2Fv2%2Fcategories&post=79907"},{"taxonomy":"post_tag","embeddable":true,"href":"https:\/\/www.egemtv.com\/index.php?rest_route=%2Fwp%2Fv2%2Ftags&post=79907"}],"curies":[{"name":"wp","href":"https:\/\/api.w.org\/{rel}","templated":true}]}}