{"id":79904,"date":"2026-01-10T23:35:54","date_gmt":"2026-01-10T20:35:54","guid":{"rendered":"https:\/\/www.egemtv.com\/?p=79904"},"modified":"2026-01-10T23:35:55","modified_gmt":"2026-01-10T20:35:55","slug":"aliaga-gemi-sokum-bolgesinde-is-kazasi-1-isci-hayatini-kaybetti-2","status":"publish","type":"post","link":"https:\/\/www.egemtv.com\/?p=79904","title":{"rendered":"Alia\u011fa Gemi S\u00f6k\u00fcm B\u00f6lgesi\u2019nde i\u015f kazas\u0131: 1 i\u015f\u00e7i hayat\u0131n\u0131 kaybetti"},"content":{"rendered":"<p>\u0130zmir\u2019in Alia\u011fa il\u00e7esinde bulunan Gemi S\u00f6k\u00fcm B\u00f6lgesi\u2019nde meydana gelen i\u015f kazas\u0131nda 1 i\u015f\u00e7i ya\u015fam\u0131n\u0131 yitirdi.<br \/>\n<br \/>Olay, \u00f6\u011fleden sonra gemi s\u00f6k\u00fcm tesislerinde faaliyet g\u00f6steren bir firman\u0131n \u015fantiyesinde meydana geldi. Edinilen bilgilere g\u00f6re, vincin kancas\u0131nda bulunan sapan yerinden \u00e7\u0131karak Salih Ataman\u2019\u0131n (49) \u00fczerine d\u00fc\u015ft\u00fc. \u0130hbar \u00fczerine olay yerine gelen sa\u011fl\u0131k ekipleri, yapt\u0131klar\u0131 incelemede Ataman\u2019\u0131n olay yerinde hayat\u0131n\u0131 kaybetti\u011fini belirledi.<br \/>\n<br \/>Olayla ilgili soru\u015fturma ba\u015flat\u0131ld\u0131.<br \/><\/p>\n","protected":false},"excerpt":{"rendered":"<p>\u0130zmir\u2019in Alia\u011fa il\u00e7esinde bulunan Gemi S\u00f6k\u00fcm B\u00f6lgesi\u2019nde meydana gelen i\u015f kazas\u0131nda 1 i\u015f\u00e7i ya\u015fam\u0131n\u0131 yitirdi. Olay, \u00f6\u011fleden sonra gemi s\u00f6k\u00fcm tesislerinde faaliyet g\u00f6steren bir firman\u0131n \u015fantiyesinde meydana geldi. Edinilen bilgilere g\u00f6re, vincin kancas\u0131nda bulunan sapan yerinden \u00e7\u0131karak Salih Ataman\u2019\u0131n (49) \u00fczerine d\u00fc\u015ft\u00fc. \u0130hbar \u00fczerine olay yerine gelen sa\u011fl\u0131k ekipleri, yapt\u0131klar\u0131 incelemede Ataman\u2019\u0131n olay yerinde hayat\u0131n\u0131&#8230;<\/p>\n","protected":false},"author":1,"featured_media":79905,"comment_status":"open","ping_status":"open","sticky":false,"template":"","format":"standard","meta":{"_crdt_document":"","footnotes":""},"categories":[5],"tags":[],"class_list":["post-79904","post","type-post","status-publish","format-standard","has-post-thumbnail","hentry","category-asayis"],"_links":{"self":[{"href":"https:\/\/www.egemtv.com\/index.php?rest_route=\/wp\/v2\/posts\/79904","targetHints":{"allow":["GET"]}}],"collection":[{"href":"https:\/\/www.egemtv.com\/index.php?rest_route=\/wp\/v2\/posts"}],"about":[{"href":"https:\/\/www.egemtv.com\/index.php?rest_route=\/wp\/v2\/types\/post"}],"author":[{"embeddable":true,"href":"https:\/\/www.egemtv.com\/index.php?rest_route=\/wp\/v2\/users\/1"}],"replies":[{"embeddable":true,"href":"https:\/\/www.egemtv.com\/index.php?rest_route=%2Fwp%2Fv2%2Fcomments&post=79904"}],"version-history":[{"count":1,"href":"https:\/\/www.egemtv.com\/index.php?rest_route=\/wp\/v2\/posts\/79904\/revisions"}],"predecessor-version":[{"id":79906,"href":"https:\/\/www.egemtv.com\/index.php?rest_route=\/wp\/v2\/posts\/79904\/revisions\/79906"}],"wp:featuredmedia":[{"embeddable":true,"href":"https:\/\/www.egemtv.com\/index.php?rest_route=\/wp\/v2\/media\/79905"}],"wp:attachment":[{"href":"https:\/\/www.egemtv.com\/index.php?rest_route=%2Fwp%2Fv2%2Fmedia&parent=79904"}],"wp:term":[{"taxonomy":"category","embeddable":true,"href":"https:\/\/www.egemtv.com\/index.php?rest_route=%2Fwp%2Fv2%2Fcategories&post=79904"},{"taxonomy":"post_tag","embeddable":true,"href":"https:\/\/www.egemtv.com\/index.php?rest_route=%2Fwp%2Fv2%2Ftags&post=79904"}],"curies":[{"name":"wp","href":"https:\/\/api.w.org\/{rel}","templated":true}]}}