{"id":79901,"date":"2026-01-10T21:14:47","date_gmt":"2026-01-10T18:14:47","guid":{"rendered":"https:\/\/www.egemtv.com\/?p=79901"},"modified":"2026-01-10T21:14:48","modified_gmt":"2026-01-10T18:14:48","slug":"2025-yili-uzumlerini-2026da-bitirdi","status":"publish","type":"post","link":"https:\/\/www.egemtv.com\/?p=79901","title":{"rendered":"2025 y\u0131l\u0131 \u00fcz\u00fcmlerini 2026\u2019da bitirdi"},"content":{"rendered":"<p>Sar\u0131g\u00f6l\u2019de \u00fcz\u00fcm \u00fcreticisi Musa Topdemir, 70 d\u00f6n\u00fcm ba\u011f\u0131n\u0131 \u00f6rt\u00fc alt\u0131nda tutarak 2025 y\u0131l\u0131 \u00fcz\u00fcmlerinin hasad\u0131n\u0131 2026 y\u0131l\u0131n\u0131n ocak ay\u0131nda tamamlad\u0131 ve yeni y\u0131la dal\u0131nda taze \u00fcz\u00fcmle giren il\u00e7edeki tek \u00fcretici oldu.<br \/>\n<br \/>Manisa\u2019n\u0131n Sar\u0131g\u00f6l il\u00e7esinde \u00fcz\u00fcm \u00fcreticisi Musa Topdemir, 2025 y\u0131l\u0131na ait \u00fcz\u00fcm \u00fcr\u00fcnlerinin hasad\u0131n\u0131 2026 y\u0131l\u0131n\u0131n ocak ay\u0131nda tamamlayarak sezonu kapatt\u0131. Her y\u0131l oldu\u011fu gibi bu y\u0131l da \u00fcz\u00fcmlerini yeni y\u0131l\u0131n ilk ay\u0131na kadar dal\u0131nda taze olarak muhafaza eden Topdemir, il\u00e7ede bu uygulamay\u0131 s\u00fcrd\u00fcren tek \u00fcretici olarak biliniyor.<br \/>\n<br \/>Yakla\u015f\u0131k 70 d\u00f6n\u00fcm \u00fcz\u00fcm ba\u011f\u0131n\u0131 \u00f6rt\u00fc alt\u0131nda tutarak \u00fcretim yapan Musa Topdemir, \u00fcz\u00fcmlerini do\u011fal \u015fartlarda adeta a\u00e7\u0131k so\u011fuk hava deposu gibi muhafaza ettiklerini belirtti. Son hasad\u0131n\u0131 yapt\u0131\u011f\u0131 \u00fcz\u00fcmleri U\u015fak\u2019\u0131n Karahall\u0131 il\u00e7esinde satan Topdemir, Crimson cinsi \u00fcz\u00fcmlerinin kilosunu 70 liradan t\u00fcketiciye sundu\u011funu belirtti.<br \/>\n<br \/>\u00dcz\u00fcmlerin b\u00fcy\u00fck b\u00f6l\u00fcm\u00fcn\u00fc \u0130zmir ve Ayd\u0131n\u2019dan gelen toptanc\u0131lara satt\u0131\u011f\u0131n\u0131 ifade eden Topdemir, ba\u011f\u0131nda az miktarda Sultaniye \u00fcz\u00fcm kald\u0131\u011f\u0131n\u0131, bunlar\u0131 da keserek e\u015fine dostuna verece\u011fini s\u00f6yledi.<br \/>\n<br \/>\u00dcretici Musa Topdemir, &#8220;\u00dcz\u00fcmler \u00f6rt\u00fc alt\u0131nda dal\u0131ndan kesilerek do\u011frudan t\u00fcketiciye ula\u015f\u0131yor. Ba\u011f adeta a\u00e7\u0131k bir so\u011fuk hava deposu gibi. Bu sezonu kapatt\u0131k. \u0130n\u015fallah gelecek y\u0131l da nasip olur, yine yeni y\u0131l \u00fcz\u00fcmleri benden olacak&#8221; dedi.<br \/><\/p>\n","protected":false},"excerpt":{"rendered":"<p>Sar\u0131g\u00f6l\u2019de \u00fcz\u00fcm \u00fcreticisi Musa Topdemir, 70 d\u00f6n\u00fcm ba\u011f\u0131n\u0131 \u00f6rt\u00fc alt\u0131nda tutarak 2025 y\u0131l\u0131 \u00fcz\u00fcmlerinin hasad\u0131n\u0131 2026 y\u0131l\u0131n\u0131n ocak ay\u0131nda tamamlad\u0131 ve yeni y\u0131la dal\u0131nda taze \u00fcz\u00fcmle giren il\u00e7edeki tek \u00fcretici oldu. Manisa\u2019n\u0131n Sar\u0131g\u00f6l il\u00e7esinde \u00fcz\u00fcm \u00fcreticisi Musa Topdemir, 2025 y\u0131l\u0131na ait \u00fcz\u00fcm \u00fcr\u00fcnlerinin hasad\u0131n\u0131 2026 y\u0131l\u0131n\u0131n ocak ay\u0131nda tamamlayarak sezonu kapatt\u0131. Her y\u0131l oldu\u011fu gibi&#8230;<\/p>\n","protected":false},"author":1,"featured_media":79902,"comment_status":"open","ping_status":"open","sticky":false,"template":"","format":"standard","meta":{"_crdt_document":"","footnotes":""},"categories":[125],"tags":[],"class_list":["post-79901","post","type-post","status-publish","format-standard","has-post-thumbnail","hentry","category-ekonomi"],"_links":{"self":[{"href":"https:\/\/www.egemtv.com\/index.php?rest_route=\/wp\/v2\/posts\/79901","targetHints":{"allow":["GET"]}}],"collection":[{"href":"https:\/\/www.egemtv.com\/index.php?rest_route=\/wp\/v2\/posts"}],"about":[{"href":"https:\/\/www.egemtv.com\/index.php?rest_route=\/wp\/v2\/types\/post"}],"author":[{"embeddable":true,"href":"https:\/\/www.egemtv.com\/index.php?rest_route=\/wp\/v2\/users\/1"}],"replies":[{"embeddable":true,"href":"https:\/\/www.egemtv.com\/index.php?rest_route=%2Fwp%2Fv2%2Fcomments&post=79901"}],"version-history":[{"count":1,"href":"https:\/\/www.egemtv.com\/index.php?rest_route=\/wp\/v2\/posts\/79901\/revisions"}],"predecessor-version":[{"id":79903,"href":"https:\/\/www.egemtv.com\/index.php?rest_route=\/wp\/v2\/posts\/79901\/revisions\/79903"}],"wp:featuredmedia":[{"embeddable":true,"href":"https:\/\/www.egemtv.com\/index.php?rest_route=\/wp\/v2\/media\/79902"}],"wp:attachment":[{"href":"https:\/\/www.egemtv.com\/index.php?rest_route=%2Fwp%2Fv2%2Fmedia&parent=79901"}],"wp:term":[{"taxonomy":"category","embeddable":true,"href":"https:\/\/www.egemtv.com\/index.php?rest_route=%2Fwp%2Fv2%2Fcategories&post=79901"},{"taxonomy":"post_tag","embeddable":true,"href":"https:\/\/www.egemtv.com\/index.php?rest_route=%2Fwp%2Fv2%2Ftags&post=79901"}],"curies":[{"name":"wp","href":"https:\/\/api.w.org\/{rel}","templated":true}]}}