{"id":79898,"date":"2026-01-10T19:55:38","date_gmt":"2026-01-10T16:55:38","guid":{"rendered":"https:\/\/www.egemtv.com\/?p=79898"},"modified":"2026-01-10T19:55:39","modified_gmt":"2026-01-10T16:55:39","slug":"belediye-ekiplerinin-akbukte-calismalari-suruyor","status":"publish","type":"post","link":"https:\/\/www.egemtv.com\/?p=79898","title":{"rendered":"Belediye ekiplerinin Akb\u00fck\u2019te \u00e7al\u0131\u015fmalar\u0131 s\u00fcr\u00fcyor"},"content":{"rendered":"<p>Ayd\u0131n\u2019\u0131n Didim il\u00e7esinde saha \u00e7al\u0131\u015fmalar\u0131n\u0131 s\u00fcrd\u00fcren belediye ekipleri, ayr\u0131ca f\u0131rt\u0131nadan zarar g\u00f6ren yerlerde de onar\u0131m \u00e7al\u0131\u015fmas\u0131 ger\u00e7ekle\u015ftirdi.<br \/>\n<br \/>Didim Belediyesi, il\u00e7e genelinde \u00e7evre d\u00fczenlemesi, temizlik, bak\u0131m ve onar\u0131m \u00e7al\u0131\u015fmalar\u0131n\u0131 aral\u0131ks\u0131z s\u00fcrd\u00fcr\u00fcyor. Halk\u0131n daha temiz, g\u00fcvenli ve konforlu alanlarda ya\u015fam\u0131n\u0131 s\u00fcrd\u00fcrmesi amac\u0131yla bir\u00e7ok noktada kapsaml\u0131 \u00e7al\u0131\u015fmalar hayata ge\u00e7iriliyor. Belediye ekipleri taraf\u0131ndan Akb\u00fck Mahallesi So\u011fuk Su Mevkii, Akb\u00fck Liman\u0131, Z\u00fcbeyde Han\u0131m Park\u0131, Mavi Mandalya Bal\u0131k Restaurant \u00e7evresi ile Akb\u00fck Kent Lokantas\u0131 y\u00fcr\u00fcy\u00fc\u015f yollar\u0131nda detayl\u0131 temizlik ve y\u0131kama \u00e7al\u0131\u015fmalar\u0131 ger\u00e7ekle\u015ftirildi. Akb\u00fck Liman\u0131 i\u00e7erisindeki y\u00fcr\u00fcy\u00fc\u015f yollar\u0131nda bozulmalar\u0131n bulundu\u011fu alanlarda beton d\u00f6k\u00fcm \u00e7al\u0131\u015fmalar\u0131 yap\u0131larak zeminler daha g\u00fcvenli hale getirildi.<br \/>\n<br \/>\u00d6te yandan Fevzipa\u015fa Mahallesi 4055 Sokak\u2019ta zemin d\u00fczeltme \u00e7al\u0131\u015fmalar\u0131 tamamlan\u0131rken; 5605, 5004 ve 5007 sokaklarda greyder ile yol d\u00fczenleme \u00e7al\u0131\u015fmalar\u0131 ger\u00e7ekle\u015ftirildi. Ayr\u0131ca Bar\u0131\u015f Cafe giri\u015fine kolay eri\u015fim rampas\u0131 yap\u0131larak eri\u015filebilirlik sa\u011fland\u0131, bord\u00fcr d\u00f6\u015feme \u00e7al\u0131\u015fmalar\u0131yla \u00e7evre d\u00fczenlemesi desteklendi. \u0130l\u00e7ede etkisini kuvvetli \u015fekilde g\u00f6steren f\u0131rt\u0131na nedeniyle zarar g\u00f6ren So\u011fuk Su Plaj\u0131\u2019ndaki seyyar tuvalet ile Bar\u0131\u015f Cafe Plaj\u0131\u2019nda bulunan cankurtaran kulesinin bak\u0131m ve onar\u0131m i\u015flemleri yap\u0131l\u0131yor.<br \/>\n<br \/>Y\u00fcr\u00fct\u00fclen \u00e7al\u0131\u015fmalarla ilgili de\u011ferlendirmelerde bulunan Didim Belediye Ba\u015fkan\u0131 Hatice Gen\u00e7ay; &#8220;\u0130l\u00e7e genelinde s\u00fcrd\u00fcrd\u00fc\u011f\u00fcm\u00fcz \u00e7al\u0131\u015fmalar planl\u0131 ve programl\u0131 \u015fekilde devam ediyor. Halk\u0131m\u0131z\u0131n daha d\u00fczenli, daha g\u00fcvenli ve daha ya\u015fanabilir bir kentte ya\u015fam\u0131n\u0131 s\u00fcrd\u00fcrebilmesi i\u00e7in \u00e7al\u0131\u015fmalar\u0131m\u0131za kararl\u0131l\u0131kla devam edece\u011fiz&#8221; ifadelerini kulland\u0131.<br \/><\/p>\n","protected":false},"excerpt":{"rendered":"<p>Ayd\u0131n\u2019\u0131n Didim il\u00e7esinde saha \u00e7al\u0131\u015fmalar\u0131n\u0131 s\u00fcrd\u00fcren belediye ekipleri, ayr\u0131ca f\u0131rt\u0131nadan zarar g\u00f6ren yerlerde de onar\u0131m \u00e7al\u0131\u015fmas\u0131 ger\u00e7ekle\u015ftirdi. Didim Belediyesi, il\u00e7e genelinde \u00e7evre d\u00fczenlemesi, temizlik, bak\u0131m ve onar\u0131m \u00e7al\u0131\u015fmalar\u0131n\u0131 aral\u0131ks\u0131z s\u00fcrd\u00fcr\u00fcyor. Halk\u0131n daha temiz, g\u00fcvenli ve konforlu alanlarda ya\u015fam\u0131n\u0131 s\u00fcrd\u00fcrmesi amac\u0131yla bir\u00e7ok noktada kapsaml\u0131 \u00e7al\u0131\u015fmalar hayata ge\u00e7iriliyor. Belediye ekipleri taraf\u0131ndan Akb\u00fck Mahallesi So\u011fuk Su Mevkii, Akb\u00fck&#8230;<\/p>\n","protected":false},"author":1,"featured_media":79899,"comment_status":"open","ping_status":"open","sticky":false,"template":"","format":"standard","meta":{"_crdt_document":"","footnotes":""},"categories":[1],"tags":[],"class_list":["post-79898","post","type-post","status-publish","format-standard","has-post-thumbnail","hentry","category-guncel"],"_links":{"self":[{"href":"https:\/\/www.egemtv.com\/index.php?rest_route=\/wp\/v2\/posts\/79898","targetHints":{"allow":["GET"]}}],"collection":[{"href":"https:\/\/www.egemtv.com\/index.php?rest_route=\/wp\/v2\/posts"}],"about":[{"href":"https:\/\/www.egemtv.com\/index.php?rest_route=\/wp\/v2\/types\/post"}],"author":[{"embeddable":true,"href":"https:\/\/www.egemtv.com\/index.php?rest_route=\/wp\/v2\/users\/1"}],"replies":[{"embeddable":true,"href":"https:\/\/www.egemtv.com\/index.php?rest_route=%2Fwp%2Fv2%2Fcomments&post=79898"}],"version-history":[{"count":1,"href":"https:\/\/www.egemtv.com\/index.php?rest_route=\/wp\/v2\/posts\/79898\/revisions"}],"predecessor-version":[{"id":79900,"href":"https:\/\/www.egemtv.com\/index.php?rest_route=\/wp\/v2\/posts\/79898\/revisions\/79900"}],"wp:featuredmedia":[{"embeddable":true,"href":"https:\/\/www.egemtv.com\/index.php?rest_route=\/wp\/v2\/media\/79899"}],"wp:attachment":[{"href":"https:\/\/www.egemtv.com\/index.php?rest_route=%2Fwp%2Fv2%2Fmedia&parent=79898"}],"wp:term":[{"taxonomy":"category","embeddable":true,"href":"https:\/\/www.egemtv.com\/index.php?rest_route=%2Fwp%2Fv2%2Fcategories&post=79898"},{"taxonomy":"post_tag","embeddable":true,"href":"https:\/\/www.egemtv.com\/index.php?rest_route=%2Fwp%2Fv2%2Ftags&post=79898"}],"curies":[{"name":"wp","href":"https:\/\/api.w.org\/{rel}","templated":true}]}}