{"id":79895,"date":"2026-01-10T19:15:22","date_gmt":"2026-01-10T16:15:22","guid":{"rendered":"https:\/\/www.egemtv.com\/?p=79895"},"modified":"2026-01-10T19:15:23","modified_gmt":"2026-01-10T16:15:23","slug":"halkbank-kadinlar-turkiye-kupasi-final-karsilasmasi-oncesi-basin-toplantisi-duzenlendi","status":"publish","type":"post","link":"https:\/\/www.egemtv.com\/?p=79895","title":{"rendered":"Halkbank Kad\u0131nlar T\u00fcrkiye Kupas\u0131 final kar\u015f\u0131la\u015fmas\u0131 \u00f6ncesi bas\u0131n toplant\u0131s\u0131 d\u00fczenlendi"},"content":{"rendered":"<p>Halkbank Kad\u0131nlar T\u00fcrkiye Kupas\u0131 finali \u00f6ncesinde Galatasaray Kad\u0131n Basketbol ile Fenerbah\u00e7e Opet Kad\u0131n Basketbol tak\u0131mlar\u0131n\u0131n kat\u0131l\u0131m\u0131yla bas\u0131n toplant\u0131s\u0131 d\u00fczenlendi. Toplant\u0131da ba\u015fantren\u00f6rler ve tak\u0131m kaptanlar\u0131 final kar\u015f\u0131la\u015fmas\u0131na ili\u015fkin de\u011ferlendirmelerde bulundu.<br \/>\n<br \/>Halkbank Kad\u0131nlar T\u00fcrkiye Kupas\u0131 final kar\u015f\u0131la\u015fmas\u0131 \u00f6ncesinde bas\u0131n toplant\u0131s\u0131 ger\u00e7ekle\u015ftirildi. Galatasaray Kad\u0131n Basketbol ile Fenerbah\u00e7e Opet Kad\u0131n Basketbol tak\u0131mlar\u0131 aras\u0131nda oynanacak derbi \u00f6ncesi d\u00fczenlenen toplant\u0131ya, Fenerbah\u00e7e Opet Kad\u0131n Basketbol Ba\u015fantren\u00f6r\u00fc Miguel Mendez, Galatasaray Kad\u0131n Basketbol Ba\u015fantren\u00f6r\u00fc F\u0131rat Okul, Fenerbah\u00e7e Opet Kad\u0131n Basketbol Tak\u0131m Kaptan\u0131 Alperi Onar ve Galatasaray Kad\u0131n Basketbol Tak\u0131m Kaptan\u0131 Ay\u015fe Cora Yamaner kat\u0131ld\u0131.<\/p>\n<p>Bas\u0131n toplant\u0131s\u0131nda her iki tak\u0131m\u0131n ba\u015fantren\u00f6rleri ve kaptanlar\u0131, final kar\u015f\u0131la\u015fmas\u0131na ili\u015fkin d\u00fc\u015f\u00fcncelerini payla\u015farak gazetecilerin sorular\u0131n\u0131 yan\u0131tlad\u0131. Kar\u015f\u0131la\u015fman\u0131n b\u00fcy\u00fck bir m\u00fccadeleye sahne olaca\u011f\u0131n\u0131 vurgulayan taraflar, centilmence ve y\u00fcksek tempolu bir final olmas\u0131n\u0131 temenni ettiklerini ifade etti. Toplant\u0131, ba\u015fantren\u00f6rler ve tak\u0131m kaptanlar\u0131n\u0131n kupan\u0131n yan\u0131nda hat\u0131ra foto\u011fraf\u0131 \u00e7ektirmesiyle sona erdi.<\/p>\n<p>&#8220;Burada oldu\u011fumuz i\u00e7in mutluyuz, bu tarz finaller \u00e7ok \u00f6zel ma\u00e7lar&#8221;<br \/>\n<br \/>Denizli\u2019nin g\u00fczel bir \u015fehir oldu\u011funu ve burada olduklar\u0131 i\u00e7in mutlu oldu\u011funu ifade eden Fenerbah\u00e7e Opet Kad\u0131n Basketbol Ba\u015fantren\u00f6r\u00fc Miguel Mendez, &#8220;\u00d6ncelikle burada oldu\u011fum i\u00e7in \u00e7ok mutluyum. Benim ilk T\u00fcrkiye Kupas\u0131 Finalim olacak. G\u00fczel bir organizasyon var, \u00e7ok g\u00fczel bir salonda oynuyoruz. Denizli \u00e7ok g\u00fczel bir \u015fehir, burada oldu\u011fumuz i\u00e7in mutluyuz. Bu tarz finaller \u00e7ok \u00f6zel ma\u00e7lar&#8221; dedi.<\/p>\n<p>&#8220;Finale geldik sonunda, bizim i\u00e7in \u00e7ok de\u011ferliydi&#8221;<br \/>\n<br \/>Final ma\u00e7\u0131n\u0131n zor ge\u00e7ece\u011fini ve tak\u0131m olarak iyi haz\u0131rland\u0131klar\u0131n\u0131 belirten Galatasaray Kad\u0131n Basketbol Ba\u015fantren\u00f6r F\u0131rat Okul, &#8220;Bu t\u00fcr organizasyonlar\u0131n Anadolu\u2019da yap\u0131lmas\u0131 bizim i\u00e7in \u00e7ok de\u011ferli \u00e7\u00fcnk\u00fc canl\u0131 canl\u0131 bizi izleme f\u0131rsat\u0131 buluyor taraftarlar\u0131m\u0131z. Taraftarlar\u0131m\u0131z\u0131n bizi desteklemeleri tak\u0131mlara g\u00fc\u00e7 kat\u0131yor. Finale geldik sonunda, bizim i\u00e7in \u00e7ok de\u011ferliydi. Biz her kulvarda final oynamak istiyoruz ve finalleri kazan\u0131p kupalar almak istiyoruz. Final ma\u00e7\u0131 tabi ki de zor ge\u00e7ecek. Her iki tak\u0131mda en iyisini sahaya koymak istiyor. Kaliteli bir \u015fekilde istediklerimizi sahaya uygularsak her \u015fey g\u00fczel bir \u015fekilde gider diye d\u00fc\u015f\u00fcn\u00fcyorum. Elimizden geleni yapmaya \u00e7al\u0131\u015faca\u011f\u0131z&#8221; diye konu\u015ftu.<\/p>\n<p>&#8220;Yar\u0131nki ma\u00e7ta oyuncular\u0131m\u0131z\u0131n performans\u0131 belirleyecek&#8221;<br \/>\n<br \/>Taraftarlar\u0131n tak\u0131ma g\u00fc\u00e7 verdi\u011fini ve yar\u0131nki m\u00fccadelenin keyif verici bir ma\u00e7 umduklar\u0131n\u0131 ifade eden Ba\u015fantren\u00f6r F\u0131rat Okul, &#8220;D\u00fcn h\u00fccum anlam\u0131nda s\u0131k\u0131nt\u0131lar ya\u015fad\u0131k. Yar\u0131n ki ma\u00e7ta oyuncular\u0131m\u0131z\u0131n performans\u0131 belirleyecek. Yar\u0131nki m\u00fccadele umar\u0131m keyif verici bir ma\u00e7 olur. Denizli\u2019de oynanan d\u00fcn ki m\u00fccadeledeki taraftarlar\u0131m\u0131za ayr\u0131lan alan doluydu. Bize ger\u00e7ekten g\u00fc\u00e7 verdiler. O y\u00fczden Denizli\u2019de olmaktan mutluyuz&#8221; ifadelerini kulland\u0131.<\/p>\n<p>&#8220;Yar\u0131\u015ft\u0131\u011f\u0131m\u0131z her kulvarda kupalar\u0131 almak istiyoruz&#8221;<br \/>\n<br \/>Final ma\u00e7\u0131 \u00f6ncesi heyecanl\u0131 olduklar\u0131n\u0131 ve yar\u0131\u015ft\u0131klar\u0131 her kulvarda kupalar kazanmak i\u00e7in \u00e7al\u0131\u015ft\u0131klar\u0131n\u0131 dile getiren Fenerbah\u00e7e Opet Kad\u0131n Basketbol kaptan\u0131 Alperi Onar, &#8220;Finalde olmak ger\u00e7ekten \u00e7ok heyecan verici. G\u00fczel bir organizasyonun i\u00e7erisindeyiz. Yar\u0131\u015ft\u0131\u011f\u0131m\u0131z her kulvarda kupalar\u0131 almak istiyoruz. Yar\u0131nki final ayn\u0131 zamanda bir derbi ma\u00e7\u0131 olacak. Yar\u0131nki atmosferin g\u00fczel olmas\u0131n\u0131 bekliyoruz. O y\u00fczden \u00e7ok heyecanl\u0131y\u0131z ve ma\u00e7 \u00f6ncesi haz\u0131rl\u0131klar\u0131m\u0131z\u0131 s\u00fcrd\u00fcr\u00fcyoruz. Kusursuz bir \u015fekilde basketbol oynamak bence imkans\u0131z. Elbette hatalar olacak. Daha az hata yapan tak\u0131m ma\u00e7\u0131 kazan\u0131yor. Kazanmaya odaklanmak daha da de\u011ferli&#8221; ifadelerini kulland\u0131.<\/p>\n<p>&#8220;Telafisi olmayan bir ma\u00e7a \u00e7\u0131k\u0131yoruz, umuyorum ki yar\u0131nki m\u00fcsabakada kazanan taraf biz oluruz&#8221;<br \/>\n<br \/>Denizli\u2019den kupa ile ayr\u0131lmak istediklerini ve telafisi olmayan bir ma\u00e7a \u00e7\u0131kt\u0131klar\u0131n\u0131 belirten Galatasaray Kad\u0131n Basketbol kaptan\u0131 Ay\u015fe Cora Yamaner; &#8220;Galatasaray i\u00e7in T\u00fcrkiye Kupas\u0131nda finale \u00e7\u0131kmak i\u00e7in uzun bir zaman olmu\u015ftu. Yakla\u015f\u0131k 10 sene olmu\u015f. Buraya gelene kadarki ma\u00e7lar\u0131m\u0131z \u00e7ok zor ge\u00e7ti. Buradan art\u0131k geri ad\u0131m atmak istemiyoruz. Biz yeni bir tak\u0131m\u0131z. Bu tarz turnuvalar yeni tak\u0131mlar\u0131n kendini geli\u015ftirmesi i\u00e7in \u00e7ok \u00f6nemli organizasyonlar. Bunu mutlaka de\u011ferlendirmemiz gerekiyor. Buradan kupa ile ayr\u0131labilecek potansiyelimizin oldu\u011funu d\u00fc\u015f\u00fcn\u00fcyorum. Telafisi olmayan bir ma\u00e7a \u00e7\u0131k\u0131yoruz. Umuyorum ki yar\u0131nki m\u00fcsabakada kazanan taraf biz oluruz. Ben hata yapmaktan korkmuyorum. Denememekten korkar\u0131m. Denerim sonunda hata olur, ben onu kabul ederim. Denememek benim i\u00e7in en b\u00fcy\u00fck korkulardan. Ben \u015fahs\u0131m olarak hi\u00e7bir zaman hata yapmaktan korkmam. Bir hata olursa da onunla y\u00fczle\u015firim. Her ma\u00e7ta bir oyuncunun kazanma h\u0131rs\u0131 olmal\u0131. Fenerbah\u00e7e ile \u00f6zel bir ma\u00e7a \u00e7\u0131k\u0131yoruz&#8221; dedi.<br \/><\/p>\n","protected":false},"excerpt":{"rendered":"<p>Halkbank Kad\u0131nlar T\u00fcrkiye Kupas\u0131 finali \u00f6ncesinde Galatasaray Kad\u0131n Basketbol ile Fenerbah\u00e7e Opet Kad\u0131n Basketbol tak\u0131mlar\u0131n\u0131n kat\u0131l\u0131m\u0131yla bas\u0131n toplant\u0131s\u0131 d\u00fczenlendi. Toplant\u0131da ba\u015fantren\u00f6rler ve tak\u0131m kaptanlar\u0131 final kar\u015f\u0131la\u015fmas\u0131na ili\u015fkin de\u011ferlendirmelerde bulundu. Halkbank Kad\u0131nlar T\u00fcrkiye Kupas\u0131 final kar\u015f\u0131la\u015fmas\u0131 \u00f6ncesinde bas\u0131n toplant\u0131s\u0131 ger\u00e7ekle\u015ftirildi. Galatasaray Kad\u0131n Basketbol ile Fenerbah\u00e7e Opet Kad\u0131n Basketbol tak\u0131mlar\u0131 aras\u0131nda oynanacak derbi \u00f6ncesi d\u00fczenlenen toplant\u0131ya, Fenerbah\u00e7e&#8230;<\/p>\n","protected":false},"author":1,"featured_media":79896,"comment_status":"open","ping_status":"open","sticky":false,"template":"","format":"standard","meta":{"_crdt_document":"","footnotes":""},"categories":[4],"tags":[],"class_list":["post-79895","post","type-post","status-publish","format-standard","has-post-thumbnail","hentry","category-spor"],"_links":{"self":[{"href":"https:\/\/www.egemtv.com\/index.php?rest_route=\/wp\/v2\/posts\/79895","targetHints":{"allow":["GET"]}}],"collection":[{"href":"https:\/\/www.egemtv.com\/index.php?rest_route=\/wp\/v2\/posts"}],"about":[{"href":"https:\/\/www.egemtv.com\/index.php?rest_route=\/wp\/v2\/types\/post"}],"author":[{"embeddable":true,"href":"https:\/\/www.egemtv.com\/index.php?rest_route=\/wp\/v2\/users\/1"}],"replies":[{"embeddable":true,"href":"https:\/\/www.egemtv.com\/index.php?rest_route=%2Fwp%2Fv2%2Fcomments&post=79895"}],"version-history":[{"count":1,"href":"https:\/\/www.egemtv.com\/index.php?rest_route=\/wp\/v2\/posts\/79895\/revisions"}],"predecessor-version":[{"id":79897,"href":"https:\/\/www.egemtv.com\/index.php?rest_route=\/wp\/v2\/posts\/79895\/revisions\/79897"}],"wp:featuredmedia":[{"embeddable":true,"href":"https:\/\/www.egemtv.com\/index.php?rest_route=\/wp\/v2\/media\/79896"}],"wp:attachment":[{"href":"https:\/\/www.egemtv.com\/index.php?rest_route=%2Fwp%2Fv2%2Fmedia&parent=79895"}],"wp:term":[{"taxonomy":"category","embeddable":true,"href":"https:\/\/www.egemtv.com\/index.php?rest_route=%2Fwp%2Fv2%2Fcategories&post=79895"},{"taxonomy":"post_tag","embeddable":true,"href":"https:\/\/www.egemtv.com\/index.php?rest_route=%2Fwp%2Fv2%2Ftags&post=79895"}],"curies":[{"name":"wp","href":"https:\/\/api.w.org\/{rel}","templated":true}]}}