{"id":79889,"date":"2026-01-10T18:54:40","date_gmt":"2026-01-10T15:54:40","guid":{"rendered":"https:\/\/www.egemtv.com\/?p=79889"},"modified":"2026-01-10T18:54:41","modified_gmt":"2026-01-10T15:54:41","slug":"izmirde-cinayetten-18-yil-hapis-cezasina-carptirilan-firari-yakalandi","status":"publish","type":"post","link":"https:\/\/www.egemtv.com\/?p=79889","title":{"rendered":"\u0130zmir\u2019de cinayetten 18 y\u0131l hapis cezas\u0131na \u00e7arpt\u0131r\u0131lan firari yakaland\u0131"},"content":{"rendered":"<p>\u0130zmir\u2019in Karaba\u011flar il\u00e7esinde cinayetten hakk\u0131nda 18 y\u0131l 9 ay kesinle\u015fmi\u015f hapis cezas\u0131 bulunan \u015fah\u0131s, polisin d\u00fczenledi\u011fi operasyonla yakaland\u0131.<br \/>\n<br \/>Karaba\u011flar \u0130l\u00e7e Emniyet M\u00fcd\u00fcrl\u00fc\u011f\u00fc Su\u00e7 \u00d6nleme ve Soru\u015fturma B\u00fcro Amirli\u011fi ekipleri, il\u00e7ede aranan \u015fah\u0131slar\u0131n yakalanmas\u0131na y\u00f6nelik geni\u015f kapsaml\u0131 \u00e7al\u0131\u015fma ba\u015flatt\u0131. Yap\u0131lan istihbarat \u00e7al\u0131\u015fmalar sonucunda hakk\u0131nda \u2019kasten \u00f6ld\u00fcrme\u2019 su\u00e7undan 18 y\u0131l 9 ay kesinle\u015fmi\u015f hapis cezas\u0131 bulunan Y.B.\u2019nin (45) il\u00e7ede bir ikamette sakland\u0131\u011f\u0131 tespit edildi. Belirlenen adrese d\u00fczenlenen operasyonla Y.B. yakaland\u0131. Emniyete g\u00f6t\u00fcr\u00fclen \u015fahs\u0131n yap\u0131lan UYAP sorgulamas\u0131nda cinayet su\u00e7undan ald\u0131\u011f\u0131 hapis cezas\u0131n\u0131n kesinle\u015fti\u011fi ve arama kayd\u0131n\u0131n bulundu\u011fu teyit edildi. Emniyetteki i\u015flemlerinin ard\u0131ndan adli mercilere sevk edilen Y.B., tutuklanarak cezaevine teslim edildi.<br \/><\/p>\n","protected":false},"excerpt":{"rendered":"<p>\u0130zmir\u2019in Karaba\u011flar il\u00e7esinde cinayetten hakk\u0131nda 18 y\u0131l 9 ay kesinle\u015fmi\u015f hapis cezas\u0131 bulunan \u015fah\u0131s, polisin d\u00fczenledi\u011fi operasyonla yakaland\u0131. Karaba\u011flar \u0130l\u00e7e Emniyet M\u00fcd\u00fcrl\u00fc\u011f\u00fc Su\u00e7 \u00d6nleme ve Soru\u015fturma B\u00fcro Amirli\u011fi ekipleri, il\u00e7ede aranan \u015fah\u0131slar\u0131n yakalanmas\u0131na y\u00f6nelik geni\u015f kapsaml\u0131 \u00e7al\u0131\u015fma ba\u015flatt\u0131. Yap\u0131lan istihbarat \u00e7al\u0131\u015fmalar sonucunda hakk\u0131nda \u2019kasten \u00f6ld\u00fcrme\u2019 su\u00e7undan 18 y\u0131l 9 ay kesinle\u015fmi\u015f hapis cezas\u0131 bulunan Y.B.\u2019nin&#8230;<\/p>\n","protected":false},"author":1,"featured_media":79890,"comment_status":"open","ping_status":"open","sticky":false,"template":"","format":"standard","meta":{"_crdt_document":"","footnotes":""},"categories":[5],"tags":[],"class_list":["post-79889","post","type-post","status-publish","format-standard","has-post-thumbnail","hentry","category-asayis"],"_links":{"self":[{"href":"https:\/\/www.egemtv.com\/index.php?rest_route=\/wp\/v2\/posts\/79889","targetHints":{"allow":["GET"]}}],"collection":[{"href":"https:\/\/www.egemtv.com\/index.php?rest_route=\/wp\/v2\/posts"}],"about":[{"href":"https:\/\/www.egemtv.com\/index.php?rest_route=\/wp\/v2\/types\/post"}],"author":[{"embeddable":true,"href":"https:\/\/www.egemtv.com\/index.php?rest_route=\/wp\/v2\/users\/1"}],"replies":[{"embeddable":true,"href":"https:\/\/www.egemtv.com\/index.php?rest_route=%2Fwp%2Fv2%2Fcomments&post=79889"}],"version-history":[{"count":1,"href":"https:\/\/www.egemtv.com\/index.php?rest_route=\/wp\/v2\/posts\/79889\/revisions"}],"predecessor-version":[{"id":79891,"href":"https:\/\/www.egemtv.com\/index.php?rest_route=\/wp\/v2\/posts\/79889\/revisions\/79891"}],"wp:featuredmedia":[{"embeddable":true,"href":"https:\/\/www.egemtv.com\/index.php?rest_route=\/wp\/v2\/media\/79890"}],"wp:attachment":[{"href":"https:\/\/www.egemtv.com\/index.php?rest_route=%2Fwp%2Fv2%2Fmedia&parent=79889"}],"wp:term":[{"taxonomy":"category","embeddable":true,"href":"https:\/\/www.egemtv.com\/index.php?rest_route=%2Fwp%2Fv2%2Fcategories&post=79889"},{"taxonomy":"post_tag","embeddable":true,"href":"https:\/\/www.egemtv.com\/index.php?rest_route=%2Fwp%2Fv2%2Ftags&post=79889"}],"curies":[{"name":"wp","href":"https:\/\/api.w.org\/{rel}","templated":true}]}}