{"id":79886,"date":"2026-01-10T18:35:51","date_gmt":"2026-01-10T15:35:51","guid":{"rendered":"https:\/\/www.egemtv.com\/?p=79886"},"modified":"2026-01-10T18:35:51","modified_gmt":"2026-01-10T15:35:51","slug":"motosikletin-sampiyonlari-kupalarina-izmirde-kavustu","status":"publish","type":"post","link":"https:\/\/www.egemtv.com\/?p=79886","title":{"rendered":"Motosikletin \u015fampiyonlar\u0131 kupalar\u0131na \u0130zmir\u2019de kavu\u015ftu"},"content":{"rendered":"<p>T\u00fcrkiye Motosiklet Federasyonu (TMF) taraf\u0131ndan d\u00fczenlenen 2025 \u015eampiyonlar \u00d6d\u00fcl T\u00f6reni, \u0130zmir Ticaret Odas\u0131\u2019n\u0131n ev sahipli\u011finde ger\u00e7ekle\u015ftirildi. T\u00f6rende, sezon boyunca ulusal ve uluslararas\u0131 arenalarda dereceye giren sporcular kupalar\u0131na kavu\u015ftu.<br \/>\n<br \/>\u0130zmir Ticaret Odas\u0131 (\u0130ZTO) Meclis Salonu\u2019nda d\u00fczenlenen t\u00f6rene; \u00f6nceki d\u00f6nem Gen\u00e7lik ve Spor Bakan\u0131 ve AK Parti \u0130zmir Milletvekili Mehmet Kasapo\u011flu, \u0130ZTO Y\u00f6netim Kurulu Ba\u015fkan\u0131 Mahmut \u00d6zgener, Ege B\u00f6lgesi Sanayi Odas\u0131 (EBSO) Y\u00f6netim Kurulu Ba\u015fkan\u0131 Ender Yorganc\u0131lar, T\u00fcrkiye Motosiklet Federasyonu (TMF) Ba\u015fkan\u0131 Mehmet Sad\u0131k Vefa, d\u00fcnya \u015fampiyonu motosiklet\u00e7i Kenan Sofuo\u011flu, milli sporcu Toprak Razgatl\u0131o\u011flu ile \u00e7ok say\u0131da sporcu ve aileleri kat\u0131ld\u0131.<\/p>\n<p>\u00d6zgener: &#8220;Bu s\u00fcrece ula\u015fmak me\u015fakkatli&#8221;<br \/>\n<br \/>T\u00f6renin a\u00e7\u0131l\u0131\u015f konu\u015fmas\u0131n\u0131 yapan \u0130ZTO Y\u00f6netim Kurulu Ba\u015fkan\u0131 Mahmut \u00d6zgener, kat\u0131l\u0131m\u0131n yo\u011funlu\u011funa dikkat \u00e7ekerek, &#8220;Bug\u00fcnk\u00fc toplant\u0131y\u0131 hi\u00e7bir kalabal\u0131kta g\u00f6rmedim. Bug\u00fcn \u00e7ok \u00f6zel bir g\u00fcn. Bu ba\u015far\u0131l\u0131 s\u00fcrece ula\u015fmak \u00e7ok zor, olduk\u00e7a me\u015fakkatli bir s\u00fcre\u00e7. B\u00fct\u00fcn ailelere ve bakan\u0131m\u0131za destekleri i\u00e7in te\u015fekk\u00fcr ederim&#8221; dedi.<\/p>\n<p>Yorganc\u0131lar: &#8220;As\u0131l olan devaml\u0131l\u0131kt\u0131r&#8221;<br \/>\n<br \/>EBSO Y\u00f6netim Kurulu Ba\u015fkan\u0131 Ender Yorganc\u0131lar ise ba\u015far\u0131da s\u00fcreklili\u011fin \u00f6nemine vurgu yaparak, &#8220;Bu ba\u015far\u0131lar\u0131 elde etmek g\u00fczel ama as\u0131l olan devaml\u0131l\u0131kt\u0131r. Bu da birlik ve beraberlikten geliyor. Allah hepimizin yolunu a\u00e7\u0131k etsin&#8221; ifadelerini kulland\u0131.<\/p>\n<p>Kasapo\u011flu: &#8220;Sizler bizi gururland\u0131rd\u0131n\u0131z&#8221;<br \/>\n<br \/>\u00d6nceki d\u00f6nem Gen\u00e7lik ve Spor Bakan\u0131 ve AK Parti \u0130zmir Milletvekili Mehmet Kasapo\u011flu, sporcular\u0131n ve ailelerin sergiledi\u011fi \u00f6zveriye de\u011finerek \u015f\u00f6yle konu\u015ftu:<br \/>\n<br \/>&#8220;T\u00fcrkiye gen\u00e7 bir \u00fclke, gen\u00e7 n\u00fcfusumuzla gurur duyuyoruz. Burada g\u00f6rd\u00fc\u011f\u00fcm\u00fcz tablo bizleri yar\u0131nlara daha g\u00fc\u00e7l\u00fc k\u0131l\u0131yor. Spor sadece ba\u015faranlar i\u00e7in de\u011fil, onlar\u0131n arkas\u0131ndan ko\u015facak gen\u00e7ler i\u00e7in de \u00e7ok k\u0131ymetli. Sizler bizi mahcup etmediniz, gururland\u0131rd\u0131n\u0131z. Ne zaman yan\u0131n\u0131zda olduysak, her zaman yan\u0131n\u0131zda olmaya devam edece\u011fiz.&#8221;<br \/>\n<br \/>Konu\u015fmalar\u0131n ard\u0131ndan 2025 yar\u0131\u015f sezonu boyunca farkl\u0131 bran\u015f ve ya\u015f kategorilerinde \u00fcst\u00fcn performans sergileyen sporculara \u00f6d\u00fclleri protokol \u00fcyeleri taraf\u0131ndan takdim edildi.<br \/><\/p>\n","protected":false},"excerpt":{"rendered":"<p>T\u00fcrkiye Motosiklet Federasyonu (TMF) taraf\u0131ndan d\u00fczenlenen 2025 \u015eampiyonlar \u00d6d\u00fcl T\u00f6reni, \u0130zmir Ticaret Odas\u0131\u2019n\u0131n ev sahipli\u011finde ger\u00e7ekle\u015ftirildi. T\u00f6rende, sezon boyunca ulusal ve uluslararas\u0131 arenalarda dereceye giren sporcular kupalar\u0131na kavu\u015ftu. \u0130zmir Ticaret Odas\u0131 (\u0130ZTO) Meclis Salonu\u2019nda d\u00fczenlenen t\u00f6rene; \u00f6nceki d\u00f6nem Gen\u00e7lik ve Spor Bakan\u0131 ve AK Parti \u0130zmir Milletvekili Mehmet Kasapo\u011flu, \u0130ZTO Y\u00f6netim Kurulu Ba\u015fkan\u0131 Mahmut \u00d6zgener,&#8230;<\/p>\n","protected":false},"author":1,"featured_media":79887,"comment_status":"open","ping_status":"open","sticky":false,"template":"","format":"standard","meta":{"_crdt_document":"","footnotes":""},"categories":[4],"tags":[],"class_list":["post-79886","post","type-post","status-publish","format-standard","has-post-thumbnail","hentry","category-spor"],"_links":{"self":[{"href":"https:\/\/www.egemtv.com\/index.php?rest_route=\/wp\/v2\/posts\/79886","targetHints":{"allow":["GET"]}}],"collection":[{"href":"https:\/\/www.egemtv.com\/index.php?rest_route=\/wp\/v2\/posts"}],"about":[{"href":"https:\/\/www.egemtv.com\/index.php?rest_route=\/wp\/v2\/types\/post"}],"author":[{"embeddable":true,"href":"https:\/\/www.egemtv.com\/index.php?rest_route=\/wp\/v2\/users\/1"}],"replies":[{"embeddable":true,"href":"https:\/\/www.egemtv.com\/index.php?rest_route=%2Fwp%2Fv2%2Fcomments&post=79886"}],"version-history":[{"count":1,"href":"https:\/\/www.egemtv.com\/index.php?rest_route=\/wp\/v2\/posts\/79886\/revisions"}],"predecessor-version":[{"id":79888,"href":"https:\/\/www.egemtv.com\/index.php?rest_route=\/wp\/v2\/posts\/79886\/revisions\/79888"}],"wp:featuredmedia":[{"embeddable":true,"href":"https:\/\/www.egemtv.com\/index.php?rest_route=\/wp\/v2\/media\/79887"}],"wp:attachment":[{"href":"https:\/\/www.egemtv.com\/index.php?rest_route=%2Fwp%2Fv2%2Fmedia&parent=79886"}],"wp:term":[{"taxonomy":"category","embeddable":true,"href":"https:\/\/www.egemtv.com\/index.php?rest_route=%2Fwp%2Fv2%2Fcategories&post=79886"},{"taxonomy":"post_tag","embeddable":true,"href":"https:\/\/www.egemtv.com\/index.php?rest_route=%2Fwp%2Fv2%2Ftags&post=79886"}],"curies":[{"name":"wp","href":"https:\/\/api.w.org\/{rel}","templated":true}]}}