{"id":79883,"date":"2026-01-10T18:35:50","date_gmt":"2026-01-10T15:35:50","guid":{"rendered":"https:\/\/www.egemtv.com\/?p=79883"},"modified":"2026-01-10T18:35:51","modified_gmt":"2026-01-10T15:35:51","slug":"didimde-kadinlara-ve-ailelere-danismanlik-destegi","status":"publish","type":"post","link":"https:\/\/www.egemtv.com\/?p=79883","title":{"rendered":"Didim\u2019de kad\u0131nlara ve ailelere dan\u0131\u015fmanl\u0131k deste\u011fi"},"content":{"rendered":"<p>Didim Belediyesi b\u00fcnyesinde faaliyet g\u00f6steren Kad\u0131n ve Aile Hizmetleri M\u00fcd\u00fcrl\u00fc\u011f\u00fc, kad\u0131nlara ve ailelere y\u00f6nelik psikolojik, hukuki ve aile dan\u0131\u015fmanl\u0131\u011f\u0131 hizmetleri sunarken, a\u00e7\u0131lan diki\u015f at\u00f6lyesiyle kad\u0131nlar\u0131n \u00fcretime kat\u0131l\u0131m\u0131n\u0131 destekliyor.<br \/>\n<br \/>Didim Belediyesi, sosyal belediyecilik anlay\u0131\u015f\u0131 do\u011frultusunda kad\u0131nlar\u0131n, \u00e7ocuklar\u0131n ve ailelerin ya\u015fam\u0131n her alan\u0131nda daha g\u00fc\u00e7l\u00fc bireyler olarak yer alabilmesi amac\u0131yla \u00e7al\u0131\u015fmalar\u0131n\u0131 aral\u0131ks\u0131z s\u00fcrd\u00fcr\u00fcyor. Kad\u0131n ve Aile Hizmetleri M\u00fcd\u00fcrl\u00fc\u011f\u00fc b\u00fcnyesinde y\u00fcr\u00fct\u00fclen hizmetlerle, toplumsal dayan\u0131\u015fman\u0131n art\u0131r\u0131lmas\u0131 ve halk\u0131n sosyal hayata daha aktif kat\u0131l\u0131m\u0131 hedefleniyor. Kad\u0131n ve Aile Dan\u0131\u015fma Merkezi\u2019nde halk\u0131m\u0131za psikolojik, aile ve hukuki dan\u0131\u015fmanl\u0131k hizmetleri sunularak bireylerin kar\u015f\u0131la\u015ft\u0131klar\u0131 sorunlara profesyonel destek sa\u011flan\u0131yor. \u00d6zellikle kad\u0131nlar\u0131n ve ailelerin ihtiya\u00e7lar\u0131 do\u011frultusunda y\u00fcr\u00fct\u00fclen rehberlik hizmetleriyle, ya\u015fanan sorunlara \u00e7\u00f6z\u00fcm odakl\u0131 yakla\u015f\u0131mlar geli\u015ftiriliyor. Ayr\u0131ca Didim Belediyesi Diki\u015f At\u00f6lyesi\u2019nde verilen e\u011fitimlerle kad\u0131nlar\u0131n \u00fcretime kat\u0131l\u0131m\u0131 te\u015fvik ediliyor. Mesleki becerilerini geli\u015ftirme imkan\u0131 bulan kad\u0131nlar, ekonomik ve sosyal hayatta daha aktif rol \u00fcstleniyor.<br \/>\n<br \/>&#8220;Didim\u2019de kimse kendini yaln\u0131z hissetmeyecek&#8221;<br \/>\n<br \/>Didim Belediye Ba\u015fkan\u0131 Hatice Gen\u00e7ay, Kad\u0131n ve Aile Hizmetleri M\u00fcd\u00fcrl\u00fc\u011f\u00fc taraf\u0131ndan y\u00fcr\u00fct\u00fclen \u00e7al\u0131\u015fmalarla ilgili yapt\u0131\u011f\u0131 de\u011ferlendirmede, sosyal belediyecili\u011fin temelinde insan odakl\u0131 hizmet anlay\u0131\u015f\u0131n\u0131n yer ald\u0131\u011f\u0131n\u0131 vurgulad\u0131. Ba\u015fkan Hatice Gen\u00e7ay; &#8220;Didim\u2019de kimsenin kendini yaln\u0131z hissetmedi\u011fi, dayan\u0131\u015fman\u0131n ve e\u015fitli\u011fin h\u00e2kim oldu\u011fu bir kent anlay\u0131\u015f\u0131yla \u00e7al\u0131\u015f\u0131yoruz. Kad\u0131n ve Aile Dan\u0131\u015fma Merkezimizde sundu\u011fumuz psikolojik, hukuki ve aile dan\u0131\u015fmanl\u0131\u011f\u0131 hizmetleriyle halk\u0131m\u0131z\u0131n yan\u0131nda olurken, Diki\u015f At\u00f6lyemizde verdi\u011fimiz e\u011fitimlerle kad\u0131nlar\u0131n \u00fcretime kat\u0131lmas\u0131n\u0131 ve ekonomik olarak g\u00fc\u00e7lenmesini destekliyoruz&#8221; dedi.<br \/>\n<br \/>Toplumsal geli\u015fmenin g\u00fc\u00e7l\u00fc kad\u0131nlar ve sa\u011fl\u0131kl\u0131 aile yap\u0131s\u0131yla m\u00fcmk\u00fcn oldu\u011funu ifade eden Ba\u015fkan Hatice Gen\u00e7ay,<br \/>\n<br \/>&#8220;Kad\u0131nlar\u0131n sosyal ve ekonomik hayatta daha aktif oldu\u011fu, \u00e7ocuklar\u0131n g\u00fcvenle b\u00fcy\u00fcd\u00fc\u011f\u00fc bir Didim i\u00e7in kararl\u0131l\u0131kla \u00e7al\u0131\u015fmaya devam edece\u011fiz. G\u00fc\u00e7l\u00fc bir Didim\u2019i hep birlikte in\u015fa edece\u011fiz&#8221; ifadelerini kulland\u0131.<br \/><\/p>\n","protected":false},"excerpt":{"rendered":"<p>Didim Belediyesi b\u00fcnyesinde faaliyet g\u00f6steren Kad\u0131n ve Aile Hizmetleri M\u00fcd\u00fcrl\u00fc\u011f\u00fc, kad\u0131nlara ve ailelere y\u00f6nelik psikolojik, hukuki ve aile dan\u0131\u015fmanl\u0131\u011f\u0131 hizmetleri sunarken, a\u00e7\u0131lan diki\u015f at\u00f6lyesiyle kad\u0131nlar\u0131n \u00fcretime kat\u0131l\u0131m\u0131n\u0131 destekliyor. Didim Belediyesi, sosyal belediyecilik anlay\u0131\u015f\u0131 do\u011frultusunda kad\u0131nlar\u0131n, \u00e7ocuklar\u0131n ve ailelerin ya\u015fam\u0131n her alan\u0131nda daha g\u00fc\u00e7l\u00fc bireyler olarak yer alabilmesi amac\u0131yla \u00e7al\u0131\u015fmalar\u0131n\u0131 aral\u0131ks\u0131z s\u00fcrd\u00fcr\u00fcyor. Kad\u0131n ve Aile Hizmetleri&#8230;<\/p>\n","protected":false},"author":1,"featured_media":79884,"comment_status":"open","ping_status":"open","sticky":false,"template":"","format":"standard","meta":{"_crdt_document":"","footnotes":""},"categories":[1],"tags":[],"class_list":["post-79883","post","type-post","status-publish","format-standard","has-post-thumbnail","hentry","category-guncel"],"_links":{"self":[{"href":"https:\/\/www.egemtv.com\/index.php?rest_route=\/wp\/v2\/posts\/79883","targetHints":{"allow":["GET"]}}],"collection":[{"href":"https:\/\/www.egemtv.com\/index.php?rest_route=\/wp\/v2\/posts"}],"about":[{"href":"https:\/\/www.egemtv.com\/index.php?rest_route=\/wp\/v2\/types\/post"}],"author":[{"embeddable":true,"href":"https:\/\/www.egemtv.com\/index.php?rest_route=\/wp\/v2\/users\/1"}],"replies":[{"embeddable":true,"href":"https:\/\/www.egemtv.com\/index.php?rest_route=%2Fwp%2Fv2%2Fcomments&post=79883"}],"version-history":[{"count":1,"href":"https:\/\/www.egemtv.com\/index.php?rest_route=\/wp\/v2\/posts\/79883\/revisions"}],"predecessor-version":[{"id":79885,"href":"https:\/\/www.egemtv.com\/index.php?rest_route=\/wp\/v2\/posts\/79883\/revisions\/79885"}],"wp:featuredmedia":[{"embeddable":true,"href":"https:\/\/www.egemtv.com\/index.php?rest_route=\/wp\/v2\/media\/79884"}],"wp:attachment":[{"href":"https:\/\/www.egemtv.com\/index.php?rest_route=%2Fwp%2Fv2%2Fmedia&parent=79883"}],"wp:term":[{"taxonomy":"category","embeddable":true,"href":"https:\/\/www.egemtv.com\/index.php?rest_route=%2Fwp%2Fv2%2Fcategories&post=79883"},{"taxonomy":"post_tag","embeddable":true,"href":"https:\/\/www.egemtv.com\/index.php?rest_route=%2Fwp%2Fv2%2Ftags&post=79883"}],"curies":[{"name":"wp","href":"https:\/\/api.w.org\/{rel}","templated":true}]}}