{"id":79877,"date":"2026-01-10T17:54:39","date_gmt":"2026-01-10T14:54:39","guid":{"rendered":"https:\/\/www.egemtv.com\/?p=79877"},"modified":"2026-01-10T17:54:40","modified_gmt":"2026-01-10T14:54:40","slug":"baskan-cercioglu-genclerin-talebine-kayitsiz-kalmadi","status":"publish","type":"post","link":"https:\/\/www.egemtv.com\/?p=79877","title":{"rendered":"Ba\u015fkan \u00c7er\u00e7io\u011flu, gen\u00e7lerin talebine kay\u0131ts\u0131z kalmad\u0131"},"content":{"rendered":"<p>Ayd\u0131nl\u0131 motosiklet tutukunu gen\u00e7lerin sosyal medya \u00fczerinden yapt\u0131\u011f\u0131 \u2019pist\u2019 \u00e7a\u011fr\u0131s\u0131na kay\u0131ts\u0131z kalmayan Ayd\u0131n B\u00fcy\u00fck\u015fehir Belediye Ba\u015fkan\u0131 \u00d6zlem \u00c7er\u00e7io\u011flu, motoisklet pisti i\u00e7in projenin g\u00fcndeme al\u0131nd\u0131\u011f\u0131n\u0131 duyurdu.<\/p>\n<p>Ayd\u0131n B\u00fcy\u00fck\u015fehir Belediye Ba\u015fkan\u0131 \u00d6zlem \u00c7er\u00e7io\u011flu\u2019nun, sosyal medyada bir vatanda\u015f\u0131n Ayd\u0131n\u2019a yar\u0131\u015f pisti yap\u0131lmas\u0131 y\u00f6n\u00fcndeki talebe verdi\u011fi yan\u0131t, k\u0131sa s\u00fcrede geni\u015f yank\u0131 uyand\u0131rd\u0131. Ba\u015fkan \u00c7er\u00e7io\u011flu\u2019nun yorumu, sosyal medya kullan\u0131c\u0131lar\u0131 taraf\u0131ndan yo\u011fun ilgi g\u00f6r\u00fcrken, \u00e7ok say\u0131da vatanda\u015f taraf\u0131ndan takdirle kar\u015f\u0131land\u0131. Sosyal medya \u00fczerinden yap\u0131lan bir payla\u015f\u0131mda bir kullan\u0131c\u0131, Ayd\u0131n\u2019a yar\u0131\u015f pisti yap\u0131lmas\u0131 talebini dile getirerek, &#8220;Yaparsa \u00d6zlem Ba\u015fkan yapar&#8221; ifadelerini kulland\u0131. S\u00f6z konusu payla\u015f\u0131ma yorum yapan Ba\u015fkan \u00c7er\u00e7io\u011flu, &#8220;\u00c7a\u011flar, \u00e7a\u011fr\u0131n\u0131z bana ula\u015ft\u0131. Pistle ilgili talebinizi g\u00fcndemimize ald\u0131k&#8221; ifadeleriyle talebe kar\u015f\u0131l\u0131ks\u0131z kalmad\u0131, projenin g\u00fcndeme al\u0131nd\u0131\u011f\u0131n\u0131 belirtti.<\/p>\n<p>Ba\u015fkan \u00c7er\u00e7io\u011flu\u2019nun yorumu k\u0131sa s\u00fcrede \u00e7ok say\u0131da be\u011feni ve payla\u015f\u0131m al\u0131rken, farkl\u0131 sosyal medya platformlar\u0131nda da geni\u015f kitlelere ula\u015ft\u0131. Vatanda\u015flar, yorumlarda Ba\u015fkan \u00c7er\u00e7io\u011flu\u2019nun taleplere duyarl\u0131 yakla\u015f\u0131m\u0131n\u0131 \u00f6ne \u00e7\u0131kararak, sosyal medya \u00fczerinden gelen isteklere do\u011frudan yan\u0131t verilmesini olumlu bir tutum olarak de\u011ferlendirdi.<\/p>\n<p>Ayd\u0131n\u2019a y\u00f6nelik yar\u0131\u015f pisti talebi, Ba\u015fkan \u00c7er\u00e7io\u011flu\u2019nun a\u00e7\u0131klamas\u0131n\u0131n ard\u0131ndan sosyal medyada daha geni\u015f bir kesim taraf\u0131ndan konu\u015fulmaya ba\u015fland\u0131. Payla\u015f\u0131lan yorumlarda \u00f6zellikle gen\u00e7ler ve motor sporlar\u0131na ilgi duyan vatanda\u015flar, b\u00f6yle bir \u00e7al\u0131\u015fman\u0131n il\u00e7enin sosyal ya\u015fam\u0131na katk\u0131 sa\u011flayaca\u011f\u0131n\u0131 ifade etti. Ba\u015fkan \u00c7er\u00e7io\u011flu\u2019nun vatanda\u015flarla do\u011frudan ileti\u015fim kurarak talepleri de\u011ferlendirmesi, sosyal medyada \u00e7ok say\u0131da kullan\u0131c\u0131 taraf\u0131ndan takdirle kar\u015f\u0131lan\u0131rken, konuya ili\u015fkin s\u00fcrecin ilerleyen g\u00fcnlerde netlik kazanmas\u0131 bekleniyor.<br \/><\/p>\n","protected":false},"excerpt":{"rendered":"<p>Ayd\u0131nl\u0131 motosiklet tutukunu gen\u00e7lerin sosyal medya \u00fczerinden yapt\u0131\u011f\u0131 \u2019pist\u2019 \u00e7a\u011fr\u0131s\u0131na kay\u0131ts\u0131z kalmayan Ayd\u0131n B\u00fcy\u00fck\u015fehir Belediye Ba\u015fkan\u0131 \u00d6zlem \u00c7er\u00e7io\u011flu, motoisklet pisti i\u00e7in projenin g\u00fcndeme al\u0131nd\u0131\u011f\u0131n\u0131 duyurdu. Ayd\u0131n B\u00fcy\u00fck\u015fehir Belediye Ba\u015fkan\u0131 \u00d6zlem \u00c7er\u00e7io\u011flu\u2019nun, sosyal medyada bir vatanda\u015f\u0131n Ayd\u0131n\u2019a yar\u0131\u015f pisti yap\u0131lmas\u0131 y\u00f6n\u00fcndeki talebe verdi\u011fi yan\u0131t, k\u0131sa s\u00fcrede geni\u015f yank\u0131 uyand\u0131rd\u0131. Ba\u015fkan \u00c7er\u00e7io\u011flu\u2019nun yorumu, sosyal medya kullan\u0131c\u0131lar\u0131 taraf\u0131ndan&#8230;<\/p>\n","protected":false},"author":1,"featured_media":79878,"comment_status":"open","ping_status":"open","sticky":false,"template":"","format":"standard","meta":{"_crdt_document":"","footnotes":""},"categories":[4],"tags":[],"class_list":["post-79877","post","type-post","status-publish","format-standard","has-post-thumbnail","hentry","category-spor"],"_links":{"self":[{"href":"https:\/\/www.egemtv.com\/index.php?rest_route=\/wp\/v2\/posts\/79877","targetHints":{"allow":["GET"]}}],"collection":[{"href":"https:\/\/www.egemtv.com\/index.php?rest_route=\/wp\/v2\/posts"}],"about":[{"href":"https:\/\/www.egemtv.com\/index.php?rest_route=\/wp\/v2\/types\/post"}],"author":[{"embeddable":true,"href":"https:\/\/www.egemtv.com\/index.php?rest_route=\/wp\/v2\/users\/1"}],"replies":[{"embeddable":true,"href":"https:\/\/www.egemtv.com\/index.php?rest_route=%2Fwp%2Fv2%2Fcomments&post=79877"}],"version-history":[{"count":1,"href":"https:\/\/www.egemtv.com\/index.php?rest_route=\/wp\/v2\/posts\/79877\/revisions"}],"predecessor-version":[{"id":79879,"href":"https:\/\/www.egemtv.com\/index.php?rest_route=\/wp\/v2\/posts\/79877\/revisions\/79879"}],"wp:featuredmedia":[{"embeddable":true,"href":"https:\/\/www.egemtv.com\/index.php?rest_route=\/wp\/v2\/media\/79878"}],"wp:attachment":[{"href":"https:\/\/www.egemtv.com\/index.php?rest_route=%2Fwp%2Fv2%2Fmedia&parent=79877"}],"wp:term":[{"taxonomy":"category","embeddable":true,"href":"https:\/\/www.egemtv.com\/index.php?rest_route=%2Fwp%2Fv2%2Fcategories&post=79877"},{"taxonomy":"post_tag","embeddable":true,"href":"https:\/\/www.egemtv.com\/index.php?rest_route=%2Fwp%2Fv2%2Ftags&post=79877"}],"curies":[{"name":"wp","href":"https:\/\/api.w.org\/{rel}","templated":true}]}}