{"id":79874,"date":"2026-01-10T17:35:50","date_gmt":"2026-01-10T14:35:50","guid":{"rendered":"https:\/\/www.egemtv.com\/?p=79874"},"modified":"2026-01-10T17:35:51","modified_gmt":"2026-01-10T14:35:51","slug":"yalvacta-haber-alinamayan-yasli-adam-evinde-olu-bulundu","status":"publish","type":"post","link":"https:\/\/www.egemtv.com\/?p=79874","title":{"rendered":"Yalva\u00e7\u2019ta haber al\u0131namayan ya\u015fl\u0131 adam evinde \u00f6l\u00fc bulundu"},"content":{"rendered":"<p>Isparta\u2019n\u0131n Yalva\u00e7 il\u00e7esinde kendisinden g\u00fcnlerdir haber al\u0131namayan 66 ya\u015f\u0131ndaki adam evinde \u00f6l\u00fc bulundu.<br \/>\n<br \/>Olay, d\u00fcn ak\u015fam saatlerinde Isparta\u2019n\u0131n Yalva\u00e7 il\u00e7esinin K\u00f6rk\u00fcler K\u00f6y\u00fc Zafer mahallesi Milli Egemenlik Caddesi bulunan apartman\u0131n birinci kat\u0131nda meydana geldi. Edinilen bilgiye g\u00f6re, 66 ya\u015f\u0131ndaki Ali \u0130hsan Kamit\u2019ten birka\u00e7 g\u00fcn haber alamayan kom\u015fular\u0131 durumu polis ekiplerine bildirdi. \u0130hbar \u00fczerine Kamit\u2019in ya\u015fad\u0131\u011f\u0131 daireye giren ekipler, ya\u015fl\u0131 adam\u0131 kanepede hareketsiz halde buldu. Sa\u011fl\u0131k ekiplerinin yapt\u0131\u011f\u0131 kontrolde Kamit\u2019in ya\u015fam\u0131n\u0131 yitirdi\u011fi belirlendi. Kamit\u2019in baz\u0131 sa\u011fl\u0131k sorunlar\u0131 oldu\u011fu \u00f6\u011frenildi. Kamit\u2019in cans\u0131z bedeni, kesin \u00f6l\u00fcm nedeninin belirlenmesi i\u00e7in otopsi yap\u0131lmak \u00fczere Isparta\u2019ya, hastane morguna kald\u0131r\u0131ld\u0131.<br \/><\/p>\n","protected":false},"excerpt":{"rendered":"<p>Isparta\u2019n\u0131n Yalva\u00e7 il\u00e7esinde kendisinden g\u00fcnlerdir haber al\u0131namayan 66 ya\u015f\u0131ndaki adam evinde \u00f6l\u00fc bulundu. Olay, d\u00fcn ak\u015fam saatlerinde Isparta\u2019n\u0131n Yalva\u00e7 il\u00e7esinin K\u00f6rk\u00fcler K\u00f6y\u00fc Zafer mahallesi Milli Egemenlik Caddesi bulunan apartman\u0131n birinci kat\u0131nda meydana geldi. Edinilen bilgiye g\u00f6re, 66 ya\u015f\u0131ndaki Ali \u0130hsan Kamit\u2019ten birka\u00e7 g\u00fcn haber alamayan kom\u015fular\u0131 durumu polis ekiplerine bildirdi. \u0130hbar \u00fczerine Kamit\u2019in ya\u015fad\u0131\u011f\u0131 daireye&#8230;<\/p>\n","protected":false},"author":1,"featured_media":79875,"comment_status":"open","ping_status":"open","sticky":false,"template":"","format":"standard","meta":{"_crdt_document":"","footnotes":""},"categories":[5],"tags":[],"class_list":["post-79874","post","type-post","status-publish","format-standard","has-post-thumbnail","hentry","category-asayis"],"_links":{"self":[{"href":"https:\/\/www.egemtv.com\/index.php?rest_route=\/wp\/v2\/posts\/79874","targetHints":{"allow":["GET"]}}],"collection":[{"href":"https:\/\/www.egemtv.com\/index.php?rest_route=\/wp\/v2\/posts"}],"about":[{"href":"https:\/\/www.egemtv.com\/index.php?rest_route=\/wp\/v2\/types\/post"}],"author":[{"embeddable":true,"href":"https:\/\/www.egemtv.com\/index.php?rest_route=\/wp\/v2\/users\/1"}],"replies":[{"embeddable":true,"href":"https:\/\/www.egemtv.com\/index.php?rest_route=%2Fwp%2Fv2%2Fcomments&post=79874"}],"version-history":[{"count":1,"href":"https:\/\/www.egemtv.com\/index.php?rest_route=\/wp\/v2\/posts\/79874\/revisions"}],"predecessor-version":[{"id":79876,"href":"https:\/\/www.egemtv.com\/index.php?rest_route=\/wp\/v2\/posts\/79874\/revisions\/79876"}],"wp:featuredmedia":[{"embeddable":true,"href":"https:\/\/www.egemtv.com\/index.php?rest_route=\/wp\/v2\/media\/79875"}],"wp:attachment":[{"href":"https:\/\/www.egemtv.com\/index.php?rest_route=%2Fwp%2Fv2%2Fmedia&parent=79874"}],"wp:term":[{"taxonomy":"category","embeddable":true,"href":"https:\/\/www.egemtv.com\/index.php?rest_route=%2Fwp%2Fv2%2Fcategories&post=79874"},{"taxonomy":"post_tag","embeddable":true,"href":"https:\/\/www.egemtv.com\/index.php?rest_route=%2Fwp%2Fv2%2Ftags&post=79874"}],"curies":[{"name":"wp","href":"https:\/\/api.w.org\/{rel}","templated":true}]}}