{"id":79871,"date":"2026-01-10T17:35:49","date_gmt":"2026-01-10T14:35:49","guid":{"rendered":"https:\/\/www.egemtv.com\/?p=79871"},"modified":"2026-01-10T17:35:50","modified_gmt":"2026-01-10T14:35:50","slug":"isparta-davrazda-suni-karla-kayak-keyfi-devam-ediyor","status":"publish","type":"post","link":"https:\/\/www.egemtv.com\/?p=79871","title":{"rendered":"Isparta Davraz\u2019da suni karla kayak keyfi devam ediyor"},"content":{"rendered":"<p>Davraz Kayak Merkezi\u2019nde etkili olan kar ya\u011f\u0131\u015f\u0131 \u00f6zellikle zirvede kendini g\u00f6sterirken, kayak merkezinin alt k\u0131sm\u0131nda yeterli ya\u011f\u0131\u015f olmamas\u0131 nedeniyle ziyaret\u00e7iler suni karlama alanlar\u0131nda aktivitelerini s\u00fcrd\u00fcrd\u00fc.<br \/>\n<br \/>T\u00fcrkiye\u2019nin \u00f6nemli k\u0131\u015f turizm merkezlerinden biri olan Davraz Kayak Merkezi\u2019nin zirve k\u0131s\u0131mlar\u0131na beklenen kar ya\u011f\u0131\u015f\u0131 ba\u015flad\u0131. Akdeniz B\u00f6lgesi\u2019nin incisi olarak adland\u0131r\u0131lan Davraz\u2019\u0131n 2 bin 635 metre rak\u0131ml\u0131 zirvesi, hafif etkili olan ya\u011f\u0131\u015fla birlikte beyaza b\u00fcr\u00fcnd\u00fc. Kar ya\u011f\u0131\u015f\u0131 \u00f6zellikle zirvede yo\u011fun olarak g\u00f6r\u00fcl\u00fcrken, kayak merkezinin farkl\u0131 noktalar\u0131nda da yer yer beyazl\u0131klar olu\u015ftu. Merkezin baz\u0131 b\u00f6l\u00fcmlerinin karla kaplanmas\u0131, Isparta\u2019da k\u0131\u015f turizmi a\u00e7\u0131s\u0131ndan heyecan olu\u015fturdu. Yeterli kar ya\u011f\u0131\u015f\u0131n\u0131n hen\u00fcz ger\u00e7ekle\u015fmemesi nedeniyle kayak, snowboard ve tur kaya\u011f\u0131 gibi faaliyetler esas pistlerde yap\u0131lamazken, suni karlama ile \u00f6rt\u00fclen alanlarda ziyaret\u00e7iler k\u0131zak, snowboard ve tur kaya\u011f\u0131 gibi aktiviteleri ger\u00e7ekle\u015ftirdi. Ge\u00e7ti\u011fimiz sezon yakla\u015f\u0131k 280 bin ziyaret\u00e7iyi a\u011f\u0131rlayan Davraz Kayak Merkezi\u2019nin, bu sezonki hedefinin ise 350 bin ziyaret\u00e7iye ula\u015fmak oldu\u011fu \u00f6\u011frenildi. Yetkililer, \u00f6n\u00fcm\u00fczdeki g\u00fcnlerde beklenen kar ya\u011f\u0131\u015f\u0131n\u0131n ard\u0131ndan mavi ve k\u0131rm\u0131z\u0131 pistlerin de ziyaret\u00e7ilere a\u00e7\u0131laca\u011f\u0131n\u0131 belirtti.<br \/>\n<br \/>Serik\u2019ten ilk kez Davraz Kayak Merkezi\u2019ne gelen bir vatanda\u015f,  &#8220;\u015eu an Davraz biraz r\u00fczgarl\u0131 ama hava gayet g\u00fczel. Fiyatlar da olduk\u00e7a normal. Tekrar gelece\u011fiz. Herkese tavsiye ederim&#8221; dedi.<br \/><\/p>\n","protected":false},"excerpt":{"rendered":"<p>Davraz Kayak Merkezi\u2019nde etkili olan kar ya\u011f\u0131\u015f\u0131 \u00f6zellikle zirvede kendini g\u00f6sterirken, kayak merkezinin alt k\u0131sm\u0131nda yeterli ya\u011f\u0131\u015f olmamas\u0131 nedeniyle ziyaret\u00e7iler suni karlama alanlar\u0131nda aktivitelerini s\u00fcrd\u00fcrd\u00fc. T\u00fcrkiye\u2019nin \u00f6nemli k\u0131\u015f turizm merkezlerinden biri olan Davraz Kayak Merkezi\u2019nin zirve k\u0131s\u0131mlar\u0131na beklenen kar ya\u011f\u0131\u015f\u0131 ba\u015flad\u0131. Akdeniz B\u00f6lgesi\u2019nin incisi olarak adland\u0131r\u0131lan Davraz\u2019\u0131n 2 bin 635 metre rak\u0131ml\u0131 zirvesi, hafif etkili&#8230;<\/p>\n","protected":false},"author":1,"featured_media":79872,"comment_status":"open","ping_status":"open","sticky":false,"template":"","format":"standard","meta":{"_crdt_document":"","footnotes":""},"categories":[1],"tags":[],"class_list":["post-79871","post","type-post","status-publish","format-standard","has-post-thumbnail","hentry","category-guncel"],"_links":{"self":[{"href":"https:\/\/www.egemtv.com\/index.php?rest_route=\/wp\/v2\/posts\/79871","targetHints":{"allow":["GET"]}}],"collection":[{"href":"https:\/\/www.egemtv.com\/index.php?rest_route=\/wp\/v2\/posts"}],"about":[{"href":"https:\/\/www.egemtv.com\/index.php?rest_route=\/wp\/v2\/types\/post"}],"author":[{"embeddable":true,"href":"https:\/\/www.egemtv.com\/index.php?rest_route=\/wp\/v2\/users\/1"}],"replies":[{"embeddable":true,"href":"https:\/\/www.egemtv.com\/index.php?rest_route=%2Fwp%2Fv2%2Fcomments&post=79871"}],"version-history":[{"count":1,"href":"https:\/\/www.egemtv.com\/index.php?rest_route=\/wp\/v2\/posts\/79871\/revisions"}],"predecessor-version":[{"id":79873,"href":"https:\/\/www.egemtv.com\/index.php?rest_route=\/wp\/v2\/posts\/79871\/revisions\/79873"}],"wp:featuredmedia":[{"embeddable":true,"href":"https:\/\/www.egemtv.com\/index.php?rest_route=\/wp\/v2\/media\/79872"}],"wp:attachment":[{"href":"https:\/\/www.egemtv.com\/index.php?rest_route=%2Fwp%2Fv2%2Fmedia&parent=79871"}],"wp:term":[{"taxonomy":"category","embeddable":true,"href":"https:\/\/www.egemtv.com\/index.php?rest_route=%2Fwp%2Fv2%2Fcategories&post=79871"},{"taxonomy":"post_tag","embeddable":true,"href":"https:\/\/www.egemtv.com\/index.php?rest_route=%2Fwp%2Fv2%2Ftags&post=79871"}],"curies":[{"name":"wp","href":"https:\/\/api.w.org\/{rel}","templated":true}]}}