{"id":79868,"date":"2026-01-10T17:14:49","date_gmt":"2026-01-10T14:14:49","guid":{"rendered":"https:\/\/www.egemtv.com\/?p=79868"},"modified":"2026-01-10T17:14:50","modified_gmt":"2026-01-10T14:14:50","slug":"izmirdeki-feci-kazada-agir-yaralanan-yazar-yasam-mucadelesini-kaybetti","status":"publish","type":"post","link":"https:\/\/www.egemtv.com\/?p=79868","title":{"rendered":"\u0130zmir\u2019deki feci kazada a\u011f\u0131r yaralanan yazar ya\u015fam m\u00fccadelesini kaybetti"},"content":{"rendered":"<p>\u0130zmir\u2019in \u00d6demi\u015f il\u00e7esinde, s\u00fcr\u00fcc\u00fcs\u00fcn\u00fcn direksiyon hakimiyetini kaybetti\u011fi otomobilin park halindeki ara\u00e7lara \u00e7arpt\u0131ktan sonra bir binan\u0131n bah\u00e7esine u\u00e7tu\u011fu kazada a\u011f\u0131r yaralanan yazar Rabiye Y\u0131ld\u0131r\u0131m, tedavi g\u00f6rd\u00fc\u011f\u00fc hastanede hayat\u0131n\u0131 kaybetti.<br \/>\n<br \/>Kaza, 8 Ocak g\u00fcn\u00fc saat 13.30 s\u0131ralar\u0131nda \u00d6demi\u015f il\u00e7esi Zafer Mahallesi Turan Emeksiz Caddesi\u2019nde meydana geldi. Edinilen bilgiye g\u00f6re, \u0130.G. (18) y\u00f6netimindeki 35 TDU 55 plakal\u0131 otomobil, s\u00fcr\u00fcc\u00fcs\u00fcn\u00fcn direksiyon hakimiyetini kaybetmesi sonucu kontrolden \u00e7\u0131kt\u0131. Savrularak yol kenar\u0131nda park halinde bulunan 35 AB 9839 plakal\u0131 otomobil ile 35 AFS 983 plakal\u0131 ticari araca \u00e7arpan otomobil, ard\u0131ndan bir apartman\u0131n bah\u00e7esine u\u00e7tu. Feci kaza s\u0131ras\u0131nda kald\u0131r\u0131mda y\u00fcr\u00fcyen yazar Rabiye Y\u0131ld\u0131r\u0131m (68), savrulan arac\u0131n \u00e7arpmas\u0131 sonucu a\u011f\u0131r yaralan\u0131rken, yan\u0131ndaki di\u011fer yaya ise son anda ka\u00e7arak kurtuldu. Kazada otomobil s\u00fcr\u00fcc\u00fcs\u00fc \u0130.G. ile ara\u00e7ta yolcu olarak bulunan S.Y. (18), \u00dc.C. (17) ve S.B. (17) de yaraland\u0131. Olay yerine sevk edilen sa\u011fl\u0131k ekipleri taraf\u0131ndan ilk m\u00fcdahalesi yap\u0131lan yaral\u0131lar, ambulanslarla \u00d6demi\u015f Devlet Hastanesi\u2019ne kald\u0131r\u0131ld\u0131.<\/p>\n<p>3 g\u00fcnl\u00fck ya\u015fam sava\u015f\u0131n\u0131 kaybetti<br \/>\n<br \/>Hastanede yo\u011fun bak\u0131m \u00fcnitesinde tedavi alt\u0131na al\u0131nan Rabiye Y\u0131ld\u0131r\u0131m, doktorlar\u0131n t\u00fcm m\u00fcdahalelerine ra\u011fmen 3 g\u00fcnd\u00fcr verdi\u011fi ya\u015fam m\u00fccadelesini kaybetti.<br \/>\n<br \/>Yazar oldu\u011fu \u00f6\u011frenilen Rabiye Y\u0131ld\u0131r\u0131m\u2019\u0131n cenazesinin, yar\u0131n \u00f6\u011fle namaz\u0131n\u0131 m\u00fcteakip Hamdibey Camii\u2019nde k\u0131l\u0131nacak cenaze namaz\u0131n\u0131n ard\u0131ndan topra\u011fa verilece\u011fi bildirildi.<br \/>\n<br \/>\u00d6te yandan, Rabiye Y\u0131ld\u0131r\u0131m\u2019\u0131n hayat\u0131n\u0131 kaybetti\u011fi ve 5 ki\u015finin yaraland\u0131\u011f\u0131 kaza an\u0131, \u00e7evredeki bir i\u015f yerinin g\u00fcvenlik kameras\u0131na saniye saniye yans\u0131d\u0131.<br \/><\/p>\n","protected":false},"excerpt":{"rendered":"<p>\u0130zmir\u2019in \u00d6demi\u015f il\u00e7esinde, s\u00fcr\u00fcc\u00fcs\u00fcn\u00fcn direksiyon hakimiyetini kaybetti\u011fi otomobilin park halindeki ara\u00e7lara \u00e7arpt\u0131ktan sonra bir binan\u0131n bah\u00e7esine u\u00e7tu\u011fu kazada a\u011f\u0131r yaralanan yazar Rabiye Y\u0131ld\u0131r\u0131m, tedavi g\u00f6rd\u00fc\u011f\u00fc hastanede hayat\u0131n\u0131 kaybetti. Kaza, 8 Ocak g\u00fcn\u00fc saat 13.30 s\u0131ralar\u0131nda \u00d6demi\u015f il\u00e7esi Zafer Mahallesi Turan Emeksiz Caddesi\u2019nde meydana geldi. Edinilen bilgiye g\u00f6re, \u0130.G. (18) y\u00f6netimindeki 35 TDU 55 plakal\u0131 otomobil,&#8230;<\/p>\n","protected":false},"author":1,"featured_media":79869,"comment_status":"open","ping_status":"open","sticky":false,"template":"","format":"standard","meta":{"_crdt_document":"","footnotes":""},"categories":[5],"tags":[],"class_list":["post-79868","post","type-post","status-publish","format-standard","has-post-thumbnail","hentry","category-asayis"],"_links":{"self":[{"href":"https:\/\/www.egemtv.com\/index.php?rest_route=\/wp\/v2\/posts\/79868","targetHints":{"allow":["GET"]}}],"collection":[{"href":"https:\/\/www.egemtv.com\/index.php?rest_route=\/wp\/v2\/posts"}],"about":[{"href":"https:\/\/www.egemtv.com\/index.php?rest_route=\/wp\/v2\/types\/post"}],"author":[{"embeddable":true,"href":"https:\/\/www.egemtv.com\/index.php?rest_route=\/wp\/v2\/users\/1"}],"replies":[{"embeddable":true,"href":"https:\/\/www.egemtv.com\/index.php?rest_route=%2Fwp%2Fv2%2Fcomments&post=79868"}],"version-history":[{"count":1,"href":"https:\/\/www.egemtv.com\/index.php?rest_route=\/wp\/v2\/posts\/79868\/revisions"}],"predecessor-version":[{"id":79870,"href":"https:\/\/www.egemtv.com\/index.php?rest_route=\/wp\/v2\/posts\/79868\/revisions\/79870"}],"wp:featuredmedia":[{"embeddable":true,"href":"https:\/\/www.egemtv.com\/index.php?rest_route=\/wp\/v2\/media\/79869"}],"wp:attachment":[{"href":"https:\/\/www.egemtv.com\/index.php?rest_route=%2Fwp%2Fv2%2Fmedia&parent=79868"}],"wp:term":[{"taxonomy":"category","embeddable":true,"href":"https:\/\/www.egemtv.com\/index.php?rest_route=%2Fwp%2Fv2%2Fcategories&post=79868"},{"taxonomy":"post_tag","embeddable":true,"href":"https:\/\/www.egemtv.com\/index.php?rest_route=%2Fwp%2Fv2%2Ftags&post=79868"}],"curies":[{"name":"wp","href":"https:\/\/api.w.org\/{rel}","templated":true}]}}