{"id":79865,"date":"2026-01-10T16:37:13","date_gmt":"2026-01-10T13:37:13","guid":{"rendered":"https:\/\/www.egemtv.com\/?p=79865"},"modified":"2026-01-10T16:37:14","modified_gmt":"2026-01-10T13:37:14","slug":"hem-konakliyorlar-hem-acilan-kurslarla-kendilerini-gelistiriyorlar-2","status":"publish","type":"post","link":"https:\/\/www.egemtv.com\/?p=79865","title":{"rendered":"Hem konakl\u0131yorlar hem a\u00e7\u0131lan kurslarla kendilerini geli\u015ftiriyorlar"},"content":{"rendered":"<p>Ayd\u0131n Gen\u00e7lik ve Spor \u0130l M\u00fcd\u00fcrl\u00fc\u011f\u00fc b\u00fcnyesinde bulunan \u00f6\u011frenci yurtlar\u0131nda kalan \u00fcniversiteli gen\u00e7ler konaklaman\u0131n yan\u0131 s\u0131ra a\u00e7\u0131lan \u00e7e\u015fitli kurslarla da kendilerini geli\u015ftiriyor.<br \/>\n<br \/>\u00dcniversiteli gen\u00e7lerin en \u00e7ok tercih etti\u011fi illerden olan Ayd\u0131n\u2019da, Gen\u00e7lik ve Spor \u0130l M\u00fcd\u00fcrl\u00fc\u011f\u00fc b\u00fcnyesindeki \u00f6\u011frenci yurtlar\u0131 da misafirlerini a\u011f\u0131rlamaya devam ediyor. \u0130l genelinde \u00f6\u011frencilerin bar\u0131nma ihtiya\u00e7lar\u0131n\u0131n kar\u015f\u0131lanmas\u0131n\u0131n yan\u0131 s\u0131ra gen\u00e7lere y\u00f6nelik a\u00e7\u0131lan \u00e7e\u015fitli kurslarla da kendilerini geli\u015ftirmesi sa\u011flan\u0131yor. Bu \u00e7er\u00e7evede Berin Menderes K\u0131z Yurdu\u2019nda a\u00e7\u0131lan seramik kursu da \u00f6\u011frencilerin yolculuklar\u0131na destek oluyor. \u00d6\u011frencilerin de yo\u011fun ilgi g\u00f6sterdi\u011fi seramik kursunda, gen\u00e7ler hem kendilerini geli\u015ftiriyor hem de i\u00e7lerindeki potansiyeli d\u0131\u015far\u0131ya \u00e7\u0131kar\u0131yor.<br \/>\n<br \/>Konu ile ilgili GSB Ayd\u0131n Yurt M\u00fcd\u00fcrl\u00fc\u011f\u00fc\u2019nden yap\u0131lan a\u00e7\u0131klamada &#8220;Berin Menderes Yurdumuzda d\u00fczenlenen seramik at\u00f6lyesi etkinli\u011finde \u00f6\u011frencilerimiz, hayal g\u00fc\u00e7lerini kil ile bulu\u015fturarak hem \u00fcretmenin hem de payla\u015fman\u0131n mutlulu\u011funu ya\u015fad\u0131. Ortaya \u00e7\u0131kan \u00f6zg\u00fcn \u00e7al\u0131\u015fmalar, etkinli\u011fe ayr\u0131 bir renk katt\u0131&#8221; ifadeleri yer ald\u0131.<br \/><\/p>\n","protected":false},"excerpt":{"rendered":"<p>Ayd\u0131n Gen\u00e7lik ve Spor \u0130l M\u00fcd\u00fcrl\u00fc\u011f\u00fc b\u00fcnyesinde bulunan \u00f6\u011frenci yurtlar\u0131nda kalan \u00fcniversiteli gen\u00e7ler konaklaman\u0131n yan\u0131 s\u0131ra a\u00e7\u0131lan \u00e7e\u015fitli kurslarla da kendilerini geli\u015ftiriyor. \u00dcniversiteli gen\u00e7lerin en \u00e7ok tercih etti\u011fi illerden olan Ayd\u0131n\u2019da, Gen\u00e7lik ve Spor \u0130l M\u00fcd\u00fcrl\u00fc\u011f\u00fc b\u00fcnyesindeki \u00f6\u011frenci yurtlar\u0131 da misafirlerini a\u011f\u0131rlamaya devam ediyor. \u0130l genelinde \u00f6\u011frencilerin bar\u0131nma ihtiya\u00e7lar\u0131n\u0131n kar\u015f\u0131lanmas\u0131n\u0131n yan\u0131 s\u0131ra gen\u00e7lere y\u00f6nelik a\u00e7\u0131lan&#8230;<\/p>\n","protected":false},"author":1,"featured_media":79866,"comment_status":"open","ping_status":"open","sticky":false,"template":"","format":"standard","meta":{"_crdt_document":"","footnotes":""},"categories":[1],"tags":[],"class_list":["post-79865","post","type-post","status-publish","format-standard","has-post-thumbnail","hentry","category-guncel"],"_links":{"self":[{"href":"https:\/\/www.egemtv.com\/index.php?rest_route=\/wp\/v2\/posts\/79865","targetHints":{"allow":["GET"]}}],"collection":[{"href":"https:\/\/www.egemtv.com\/index.php?rest_route=\/wp\/v2\/posts"}],"about":[{"href":"https:\/\/www.egemtv.com\/index.php?rest_route=\/wp\/v2\/types\/post"}],"author":[{"embeddable":true,"href":"https:\/\/www.egemtv.com\/index.php?rest_route=\/wp\/v2\/users\/1"}],"replies":[{"embeddable":true,"href":"https:\/\/www.egemtv.com\/index.php?rest_route=%2Fwp%2Fv2%2Fcomments&post=79865"}],"version-history":[{"count":1,"href":"https:\/\/www.egemtv.com\/index.php?rest_route=\/wp\/v2\/posts\/79865\/revisions"}],"predecessor-version":[{"id":79867,"href":"https:\/\/www.egemtv.com\/index.php?rest_route=\/wp\/v2\/posts\/79865\/revisions\/79867"}],"wp:featuredmedia":[{"embeddable":true,"href":"https:\/\/www.egemtv.com\/index.php?rest_route=\/wp\/v2\/media\/79866"}],"wp:attachment":[{"href":"https:\/\/www.egemtv.com\/index.php?rest_route=%2Fwp%2Fv2%2Fmedia&parent=79865"}],"wp:term":[{"taxonomy":"category","embeddable":true,"href":"https:\/\/www.egemtv.com\/index.php?rest_route=%2Fwp%2Fv2%2Fcategories&post=79865"},{"taxonomy":"post_tag","embeddable":true,"href":"https:\/\/www.egemtv.com\/index.php?rest_route=%2Fwp%2Fv2%2Ftags&post=79865"}],"curies":[{"name":"wp","href":"https:\/\/api.w.org\/{rel}","templated":true}]}}