{"id":79862,"date":"2026-01-10T16:37:12","date_gmt":"2026-01-10T13:37:12","guid":{"rendered":"https:\/\/www.egemtv.com\/?p=79862"},"modified":"2026-01-10T16:37:13","modified_gmt":"2026-01-10T13:37:13","slug":"aydinda-gencler-bilgi-ve-beceri-icin-yarisacak","status":"publish","type":"post","link":"https:\/\/www.egemtv.com\/?p=79862","title":{"rendered":"Ayd\u0131n\u2019da gen\u00e7ler, bilgi ve beceri i\u00e7in yar\u0131\u015facak"},"content":{"rendered":"<p>Gen\u00e7lerin d\u00fc\u015f\u00fcnce becerilerinin geli\u015ftirilmesi hedefiyle d\u00fczenlenecek olan T\u00fcrkiye M\u00fcnazara Ligi i\u00e7in Ayd\u0131n\u2019da ba\u015fvurular ba\u015flad\u0131.<\/p>\n<p>Gen\u00e7lik ve Spor Bakanl\u0131\u011f\u0131 koordinesinde ger\u00e7ekle\u015ftirilen T\u00fcrkiye M\u00fcnazara Ligi 2026 yar\u0131\u015fmalar\u0131 i\u00e7in ba\u015fvurular Ayd\u0131n\u2019da da ba\u015flad\u0131. Gen\u00e7lerin kendilerini ifade etme ve ele\u015ftirel d\u00fc\u015f\u00fcnme yeteneklerini geli\u015ftirmeyi ama\u00e7layan yar\u0131\u015fma, lise ve \u00fcniversite kategorilerinde ger\u00e7ekle\u015ftirilecek. Yar\u0131\u015fmaya kat\u0131lmak isteyen 13-25 ya\u015f aras\u0131 gen\u00e7ler, 31 Mart 2026 tarihine kadar ba\u015fvurular\u0131n\u0131 Ayd\u0131n Gen\u00e7lik Merkezleri arac\u0131l\u0131\u011f\u0131yla yapabilecek. \u0130l ve T\u00fcrkiye finali olma \u00fczere 2 ayr\u0131 a\u015famada yap\u0131lacak olan yar\u0131\u015fmalarda, il finali 6 Nisan\u2019da ba\u015flayacak. \u0130l finallerinde ba\u015far\u0131l\u0131 olan tak\u0131mlar, 30 Ekim-5 Kas\u0131m tarihleri aras\u0131nda ger\u00e7ekle\u015ftirilecek olan T\u00fcrkiye Finalleri\u2019ne kat\u0131lmaya hak kazanacak. T\u00fcrkiye finaline ise her ilden 1 lise ve 1 \u00fcniversite tak\u0131m\u0131 kat\u0131labilecek. T\u00fcrkiye finallerinde dereceye giren tak\u0131m \u00fcyelerine \u00e7e\u015fitli hediyeler verilecek. Bu kapsamda T\u00fcrkiye Birincilerine diz\u00fcst\u00fc bilgisayar, T\u00fcrkiye \u0130kincilerine tablet, T\u00fcrkiye \u00dc\u00e7\u00fcnc\u00fclerine ak\u0131ll\u0131 saat ve T\u00fcrkiye D\u00f6rd\u00fcnc\u00fclerine 2 bin 500 TL de\u011ferinde spor hediye \u00e7eki verilecek. Ayr\u0131ca il finallerinde derece alan tak\u0131mlara ise Gen\u00e7lik ve Spor \u0130l M\u00fcd\u00fcrl\u00fcklerince uygun g\u00f6r\u00fclen \u00f6d\u00fcller verilecek.<\/p>\n<p>Konu ile ilgili Ayd\u0131n Gen\u00e7lik Merkezi\u2019nden yap\u0131lan a\u00e7\u0131klamada &#8220;7. T\u00fcrkiye M\u00fcnazara yar\u0131\u015fmalar\u0131 ba\u015fvurular\u0131 ba\u015flad\u0131. 13-17 ya\u015f lise kategorisi, 18-25 ya\u015f \u00fcniversite kategorisi. S\u00f6z sende, k\u00fcrs\u00fc seni bekliyor&#8221; ifadeleri yer ald\u0131.<br \/><\/p>\n","protected":false},"excerpt":{"rendered":"<p>Gen\u00e7lerin d\u00fc\u015f\u00fcnce becerilerinin geli\u015ftirilmesi hedefiyle d\u00fczenlenecek olan T\u00fcrkiye M\u00fcnazara Ligi i\u00e7in Ayd\u0131n\u2019da ba\u015fvurular ba\u015flad\u0131. Gen\u00e7lik ve Spor Bakanl\u0131\u011f\u0131 koordinesinde ger\u00e7ekle\u015ftirilen T\u00fcrkiye M\u00fcnazara Ligi 2026 yar\u0131\u015fmalar\u0131 i\u00e7in ba\u015fvurular Ayd\u0131n\u2019da da ba\u015flad\u0131. Gen\u00e7lerin kendilerini ifade etme ve ele\u015ftirel d\u00fc\u015f\u00fcnme yeteneklerini geli\u015ftirmeyi ama\u00e7layan yar\u0131\u015fma, lise ve \u00fcniversite kategorilerinde ger\u00e7ekle\u015ftirilecek. Yar\u0131\u015fmaya kat\u0131lmak isteyen 13-25 ya\u015f aras\u0131 gen\u00e7ler, 31 Mart&#8230;<\/p>\n","protected":false},"author":1,"featured_media":79863,"comment_status":"open","ping_status":"open","sticky":false,"template":"","format":"standard","meta":{"_crdt_document":"","footnotes":""},"categories":[1],"tags":[],"class_list":["post-79862","post","type-post","status-publish","format-standard","has-post-thumbnail","hentry","category-guncel"],"_links":{"self":[{"href":"https:\/\/www.egemtv.com\/index.php?rest_route=\/wp\/v2\/posts\/79862","targetHints":{"allow":["GET"]}}],"collection":[{"href":"https:\/\/www.egemtv.com\/index.php?rest_route=\/wp\/v2\/posts"}],"about":[{"href":"https:\/\/www.egemtv.com\/index.php?rest_route=\/wp\/v2\/types\/post"}],"author":[{"embeddable":true,"href":"https:\/\/www.egemtv.com\/index.php?rest_route=\/wp\/v2\/users\/1"}],"replies":[{"embeddable":true,"href":"https:\/\/www.egemtv.com\/index.php?rest_route=%2Fwp%2Fv2%2Fcomments&post=79862"}],"version-history":[{"count":1,"href":"https:\/\/www.egemtv.com\/index.php?rest_route=\/wp\/v2\/posts\/79862\/revisions"}],"predecessor-version":[{"id":79864,"href":"https:\/\/www.egemtv.com\/index.php?rest_route=\/wp\/v2\/posts\/79862\/revisions\/79864"}],"wp:featuredmedia":[{"embeddable":true,"href":"https:\/\/www.egemtv.com\/index.php?rest_route=\/wp\/v2\/media\/79863"}],"wp:attachment":[{"href":"https:\/\/www.egemtv.com\/index.php?rest_route=%2Fwp%2Fv2%2Fmedia&parent=79862"}],"wp:term":[{"taxonomy":"category","embeddable":true,"href":"https:\/\/www.egemtv.com\/index.php?rest_route=%2Fwp%2Fv2%2Fcategories&post=79862"},{"taxonomy":"post_tag","embeddable":true,"href":"https:\/\/www.egemtv.com\/index.php?rest_route=%2Fwp%2Fv2%2Ftags&post=79862"}],"curies":[{"name":"wp","href":"https:\/\/api.w.org\/{rel}","templated":true}]}}