{"id":79859,"date":"2026-01-10T16:16:39","date_gmt":"2026-01-10T13:16:39","guid":{"rendered":"https:\/\/www.egemtv.com\/?p=79859"},"modified":"2026-01-10T16:16:39","modified_gmt":"2026-01-10T13:16:39","slug":"denizlide-lokantacilar-sandik-basina-gitti","status":"publish","type":"post","link":"https:\/\/www.egemtv.com\/?p=79859","title":{"rendered":"Denizli\u2019de lokantac\u0131lar sand\u0131k ba\u015f\u0131na gitti"},"content":{"rendered":"<p>Denizli Lokantac\u0131lar Odas\u0131\u2019n\u0131n yeni ba\u015fkan\u0131na se\u00e7mek i\u00e7in Denizlili lokantac\u0131lar sand\u0131k ba\u015f\u0131na gitti. Toplam bin 305 \u00fcyesi bulunan Denizli Lokantac\u0131lar Odas\u0131\u2019nda ger\u00e7ekle\u015fen se\u00e7imlere \u00fcyelerin yo\u011fun ilgi g\u00f6steriyor.<\/p>\n<p>Denizli Lokantac\u0131lar Odas\u0131 Ba\u015fkanl\u0131\u011f\u0131 i\u00e7in se\u00e7im heyecan\u0131 ya\u015fan\u0131yor. Mevcut ba\u015fkan Osman \u00dc\u00e7g\u00fcl ile Yasemin Orhan\u2019\u0131n aday oldu\u011fu se\u00e7imde, Denizlili lokantac\u0131lar sand\u0131k ba\u015f\u0131na gitti. Saat 09.00\u2019da ba\u015flayan oy verme i\u015flemi, 17.00\u2019ye kadar devam edecek. Toplam bin 305 \u00fcyesi bulunan Denizli Lokantac\u0131lar Odas\u0131\u2019nda ger\u00e7ekle\u015fen se\u00e7imlere \u00fcyelerin yo\u011fun ilgi g\u00f6steriyor.<\/p>\n<p>&#8220;Bug\u00fcn burada kazanan esnaf olacak&#8221;<br \/>\n<br \/>Se\u00e7imin ard\u0131ndan kazanan\u0131n esnaf olaca\u011f\u0131n\u0131 ve her iki taraf\u0131 i\u00e7inde hay\u0131rl\u0131 olmas\u0131n\u0131 dileyen DESOB Ba\u015fkan Vekili ve Lokantac\u0131lar Odas\u0131 Ba\u015fkan Aday\u0131 Osman \u00dc\u00e7g\u00fcl, &#8220;Bug\u00fcn burada kazanan esnaf olacak. Her iki taraf i\u00e7inde hay\u0131rl\u0131 olsun. Se\u00e7im, ba\u015fta \u015fehrimize, te\u015fkilat\u0131m\u0131za umar\u0131m hay\u0131rl\u0131 u\u011furlu olur. \u00d6\u011flen saat 14.00\u2019a kadar kat\u0131l\u0131m sa\u011flayan 450\u2019ye ge\u00e7ildi. Bin 305 hazirun listemiz var. Yakla\u015f\u0131k bine gecik bir kat\u0131l\u0131m bekliyoruz. Ben her zaman s\u00f6yl\u00fcyorum, \u00f6\u011frenci nas\u0131l dersini \u00e7al\u0131\u015f\u0131rsa notuna ona g\u00f6re al\u0131yor. Biz dersimizi \u00e7al\u0131\u015ft\u0131k, \u00fcyelerimizde gereken notu verece\u011fini d\u00fc\u015f\u00fcn\u00fcyorum&#8221; diye konu\u015ftu.<br \/><\/p>\n","protected":false},"excerpt":{"rendered":"<p>Denizli Lokantac\u0131lar Odas\u0131\u2019n\u0131n yeni ba\u015fkan\u0131na se\u00e7mek i\u00e7in Denizlili lokantac\u0131lar sand\u0131k ba\u015f\u0131na gitti. Toplam bin 305 \u00fcyesi bulunan Denizli Lokantac\u0131lar Odas\u0131\u2019nda ger\u00e7ekle\u015fen se\u00e7imlere \u00fcyelerin yo\u011fun ilgi g\u00f6steriyor. Denizli Lokantac\u0131lar Odas\u0131 Ba\u015fkanl\u0131\u011f\u0131 i\u00e7in se\u00e7im heyecan\u0131 ya\u015fan\u0131yor. Mevcut ba\u015fkan Osman \u00dc\u00e7g\u00fcl ile Yasemin Orhan\u2019\u0131n aday oldu\u011fu se\u00e7imde, Denizlili lokantac\u0131lar sand\u0131k ba\u015f\u0131na gitti. Saat 09.00\u2019da ba\u015flayan oy verme i\u015flemi,&#8230;<\/p>\n","protected":false},"author":1,"featured_media":79860,"comment_status":"open","ping_status":"open","sticky":false,"template":"","format":"standard","meta":{"_crdt_document":"","footnotes":""},"categories":[125],"tags":[],"class_list":["post-79859","post","type-post","status-publish","format-standard","has-post-thumbnail","hentry","category-ekonomi"],"_links":{"self":[{"href":"https:\/\/www.egemtv.com\/index.php?rest_route=\/wp\/v2\/posts\/79859","targetHints":{"allow":["GET"]}}],"collection":[{"href":"https:\/\/www.egemtv.com\/index.php?rest_route=\/wp\/v2\/posts"}],"about":[{"href":"https:\/\/www.egemtv.com\/index.php?rest_route=\/wp\/v2\/types\/post"}],"author":[{"embeddable":true,"href":"https:\/\/www.egemtv.com\/index.php?rest_route=\/wp\/v2\/users\/1"}],"replies":[{"embeddable":true,"href":"https:\/\/www.egemtv.com\/index.php?rest_route=%2Fwp%2Fv2%2Fcomments&post=79859"}],"version-history":[{"count":1,"href":"https:\/\/www.egemtv.com\/index.php?rest_route=\/wp\/v2\/posts\/79859\/revisions"}],"predecessor-version":[{"id":79861,"href":"https:\/\/www.egemtv.com\/index.php?rest_route=\/wp\/v2\/posts\/79859\/revisions\/79861"}],"wp:featuredmedia":[{"embeddable":true,"href":"https:\/\/www.egemtv.com\/index.php?rest_route=\/wp\/v2\/media\/79860"}],"wp:attachment":[{"href":"https:\/\/www.egemtv.com\/index.php?rest_route=%2Fwp%2Fv2%2Fmedia&parent=79859"}],"wp:term":[{"taxonomy":"category","embeddable":true,"href":"https:\/\/www.egemtv.com\/index.php?rest_route=%2Fwp%2Fv2%2Fcategories&post=79859"},{"taxonomy":"post_tag","embeddable":true,"href":"https:\/\/www.egemtv.com\/index.php?rest_route=%2Fwp%2Fv2%2Ftags&post=79859"}],"curies":[{"name":"wp","href":"https:\/\/api.w.org\/{rel}","templated":true}]}}