{"id":79856,"date":"2026-01-10T15:34:54","date_gmt":"2026-01-10T12:34:54","guid":{"rendered":"https:\/\/www.egemtv.com\/?p=79856"},"modified":"2026-01-10T15:34:54","modified_gmt":"2026-01-10T12:34:54","slug":"koskun-40-yillik-sorunu-cozuluyor-icme-suyu-sebekesi-yenilenecek","status":"publish","type":"post","link":"https:\/\/www.egemtv.com\/?p=79856","title":{"rendered":"K\u00f6\u015fk\u2019\u00fcn 40 y\u0131ll\u0131k sorunu \u00e7\u00f6z\u00fcl\u00fcyor, i\u00e7me suyu \u015febekesi yenilenecek"},"content":{"rendered":"<p>K\u00f6\u015fk Belediye Ba\u015fkan\u0131 Nuri G\u00fcler, il\u00e7enin en b\u00fcy\u00fck sorunu haline gelen 40 y\u0131ll\u0131k i\u00e7me suyu \u015febekesinin yenilenece\u011fini m\u00fcjdeleyerek, Ayd\u0131n B\u00fcy\u00fck\u015fehir Belediye Ba\u015fkan\u0131 \u00d6zlem \u00c7er\u00e7io\u011flu\u2019na deste\u011fi i\u00e7in te\u015fekk\u00fcr etti.<br \/>\n<br \/>Ayd\u0131n B\u00fcy\u00fck\u015fehir Belediye Meclis Toplant\u0131s\u0131nda al\u0131nan meclis karar\u0131yla, Alt\u0131eyl\u00fcl, \u00c7ar\u015f\u0131, Serdaro\u011flu ve So\u011fukkuyu Mahallelerinde n\u00fcfus yo\u011funlundan dolay\u0131 s\u00fcrekli sorun \u00e7\u0131karan i\u00e7me suyu isale hatt\u0131 yenileme \u00e7al\u0131\u015fmalar\u0131 ba\u015flayaca\u011f\u0131n\u0131 ifade eden K\u00f6\u015fk Belediye Ba\u015fkan\u0131 Nuri G\u00fcler, dev projenin yol ve \u00e7evre d\u00fczenleme \u00e7al\u0131\u015fmalar\u0131nada \u00f6nemli \u00f6l\u00e7\u00fcde katk\u0131 sa\u011flayaca\u011f\u0131n\u0131 belirtti. Projenin ve mecliste al\u0131nan karar\u0131n hay\u0131rl\u0131 olmas\u0131n\u0131 dileyen K\u00f6\u015fk Belediye Ba\u015fkan\u0131 Nuri G\u00fcler; &#8220;K\u00f6\u015fk\u2019\u00fcm\u00fcz\u00fcn uzun y\u0131llard\u0131r g\u00fcndeminde olan i\u00e7me suyu altyap\u0131 sorununu \u00e7\u00f6z\u00fcyoruz. \u0130l\u00e7emizin zaman i\u00e7erisinde en b\u00fcy\u00fck sorunu haline gelen eski i\u00e7me suyu isale hatlar\u0131n\u0131n yenilenmesi i\u00e7in yapt\u0131\u011f\u0131m\u0131z giri\u015fimler neticesinde Ayd\u0131n B\u00fcy\u00fck\u015fehir Belediyemizin 2026 y\u0131l\u0131 Ocak Ay\u0131 Ola\u011fan Meclis Toplant\u0131s\u0131nda al\u0131nan meclis karar\u0131 do\u011frultusunda, Alt\u0131eyl\u00fcl, \u00c7ar\u015f\u0131, Serdaro\u011flu ve So\u011fukkuyu mahallelerimizde isale hatt\u0131 yenileme \u00e7al\u0131\u015fmalar\u0131 ba\u015fl\u0131yor. Tamamland\u0131\u011f\u0131nda il\u00e7emizdeki altyap\u0131 sorunlar\u0131n\u0131 ortadan kald\u0131rarak yol ve \u00e7evre d\u00fczenleme \u00e7al\u0131\u015fmalar\u0131na \u00f6nemli \u00f6l\u00e7\u00fcde katk\u0131 sa\u011flayacak bu b\u00fcy\u00fck projenin ve Ayd\u0131n B\u00fcy\u00fck\u015fehir Belediye Meclisimizde al\u0131nan karar\u0131n il\u00e7emize ve hem\u015fehrilerimize hay\u0131rl\u0131 olmas\u0131n\u0131 diliyor, desteklerinden dolay\u0131 Ayd\u0131n B\u00fcy\u00fck\u015fehir Belediye Ba\u015fkan\u0131m\u0131z \u00d6zlem \u00c7er\u00e7io\u011flu\u2019na te\u015fekk\u00fcr ediyorum&#8221; ifadelerine yer verdi.<br \/><\/p>\n","protected":false},"excerpt":{"rendered":"<p>K\u00f6\u015fk Belediye Ba\u015fkan\u0131 Nuri G\u00fcler, il\u00e7enin en b\u00fcy\u00fck sorunu haline gelen 40 y\u0131ll\u0131k i\u00e7me suyu \u015febekesinin yenilenece\u011fini m\u00fcjdeleyerek, Ayd\u0131n B\u00fcy\u00fck\u015fehir Belediye Ba\u015fkan\u0131 \u00d6zlem \u00c7er\u00e7io\u011flu\u2019na deste\u011fi i\u00e7in te\u015fekk\u00fcr etti. Ayd\u0131n B\u00fcy\u00fck\u015fehir Belediye Meclis Toplant\u0131s\u0131nda al\u0131nan meclis karar\u0131yla, Alt\u0131eyl\u00fcl, \u00c7ar\u015f\u0131, Serdaro\u011flu ve So\u011fukkuyu Mahallelerinde n\u00fcfus yo\u011funlundan dolay\u0131 s\u00fcrekli sorun \u00e7\u0131karan i\u00e7me suyu isale hatt\u0131 yenileme \u00e7al\u0131\u015fmalar\u0131 ba\u015flayaca\u011f\u0131n\u0131&#8230;<\/p>\n","protected":false},"author":1,"featured_media":79857,"comment_status":"open","ping_status":"open","sticky":false,"template":"","format":"standard","meta":{"_crdt_document":"","footnotes":""},"categories":[1],"tags":[],"class_list":["post-79856","post","type-post","status-publish","format-standard","has-post-thumbnail","hentry","category-guncel"],"_links":{"self":[{"href":"https:\/\/www.egemtv.com\/index.php?rest_route=\/wp\/v2\/posts\/79856","targetHints":{"allow":["GET"]}}],"collection":[{"href":"https:\/\/www.egemtv.com\/index.php?rest_route=\/wp\/v2\/posts"}],"about":[{"href":"https:\/\/www.egemtv.com\/index.php?rest_route=\/wp\/v2\/types\/post"}],"author":[{"embeddable":true,"href":"https:\/\/www.egemtv.com\/index.php?rest_route=\/wp\/v2\/users\/1"}],"replies":[{"embeddable":true,"href":"https:\/\/www.egemtv.com\/index.php?rest_route=%2Fwp%2Fv2%2Fcomments&post=79856"}],"version-history":[{"count":1,"href":"https:\/\/www.egemtv.com\/index.php?rest_route=\/wp\/v2\/posts\/79856\/revisions"}],"predecessor-version":[{"id":79858,"href":"https:\/\/www.egemtv.com\/index.php?rest_route=\/wp\/v2\/posts\/79856\/revisions\/79858"}],"wp:featuredmedia":[{"embeddable":true,"href":"https:\/\/www.egemtv.com\/index.php?rest_route=\/wp\/v2\/media\/79857"}],"wp:attachment":[{"href":"https:\/\/www.egemtv.com\/index.php?rest_route=%2Fwp%2Fv2%2Fmedia&parent=79856"}],"wp:term":[{"taxonomy":"category","embeddable":true,"href":"https:\/\/www.egemtv.com\/index.php?rest_route=%2Fwp%2Fv2%2Fcategories&post=79856"},{"taxonomy":"post_tag","embeddable":true,"href":"https:\/\/www.egemtv.com\/index.php?rest_route=%2Fwp%2Fv2%2Ftags&post=79856"}],"curies":[{"name":"wp","href":"https:\/\/api.w.org\/{rel}","templated":true}]}}