{"id":79853,"date":"2026-01-10T15:14:42","date_gmt":"2026-01-10T12:14:42","guid":{"rendered":"https:\/\/www.egemtv.com\/?p=79853"},"modified":"2026-01-10T15:14:43","modified_gmt":"2026-01-10T12:14:43","slug":"bayindirda-ev-yangini-hayvan-damina-sicradi","status":"publish","type":"post","link":"https:\/\/www.egemtv.com\/?p=79853","title":{"rendered":"Bay\u0131nd\u0131r\u2019da ev yang\u0131n\u0131 hayvan dam\u0131na s\u0131\u00e7rad\u0131"},"content":{"rendered":"<p>\u0130zmir\u2019in Bay\u0131nd\u0131r il\u00e7esine ba\u011fl\u0131 Karahalilli Mahallesi\u2019nde sabah saatlerinde \u00e7\u0131kan yang\u0131n pani\u011fe neden oldu.<br \/>\n<br \/>Edinilen bilgilere g\u00f6re, saat 04.50 s\u0131ralar\u0131nda Z.O. (63) isimli \u015fahs\u0131n ya\u015fad\u0131\u011f\u0131 evde, hen\u00fcz bilinmeyen bir nedenle yang\u0131n \u00e7\u0131kt\u0131. Yang\u0131n\u0131 fark eden ev sahipleri durumu 112 Acil \u00c7a\u011fr\u0131 Merkezi\u2019ne bildirerek yard\u0131m istedi. \u0130hbar \u00fczerine olay yerine itfaiye ve jandarma ekipleri sevk edildi. \u0130tfaiye ekiplerinin h\u0131zl\u0131 ve etkili m\u00fcdahalesiyle yang\u0131n k\u0131sa s\u00fcrede kontrol alt\u0131na al\u0131nd\u0131. Yang\u0131n sonucu evde ve hayvan dam\u0131nda maddi hasar meydana geldi. Olayda 5 k\u00fc\u00e7\u00fckba\u015f ve 1 b\u00fcy\u00fckba\u015f hayvan\u0131n zarar g\u00f6rd\u00fc\u011f\u00fc \u00f6\u011frenildi.<br \/>\n<br \/>Yang\u0131n\u0131n \u00e7\u0131k\u0131\u015f nedeninin belirlenmesi i\u00e7in inceleme ba\u015flat\u0131ld\u0131.<br \/><\/p>\n","protected":false},"excerpt":{"rendered":"<p>\u0130zmir\u2019in Bay\u0131nd\u0131r il\u00e7esine ba\u011fl\u0131 Karahalilli Mahallesi\u2019nde sabah saatlerinde \u00e7\u0131kan yang\u0131n pani\u011fe neden oldu. Edinilen bilgilere g\u00f6re, saat 04.50 s\u0131ralar\u0131nda Z.O. (63) isimli \u015fahs\u0131n ya\u015fad\u0131\u011f\u0131 evde, hen\u00fcz bilinmeyen bir nedenle yang\u0131n \u00e7\u0131kt\u0131. Yang\u0131n\u0131 fark eden ev sahipleri durumu 112 Acil \u00c7a\u011fr\u0131 Merkezi\u2019ne bildirerek yard\u0131m istedi. \u0130hbar \u00fczerine olay yerine itfaiye ve jandarma ekipleri sevk edildi. \u0130tfaiye&#8230;<\/p>\n","protected":false},"author":1,"featured_media":79854,"comment_status":"open","ping_status":"open","sticky":false,"template":"","format":"standard","meta":{"_crdt_document":"","footnotes":""},"categories":[5],"tags":[],"class_list":["post-79853","post","type-post","status-publish","format-standard","has-post-thumbnail","hentry","category-asayis"],"_links":{"self":[{"href":"https:\/\/www.egemtv.com\/index.php?rest_route=\/wp\/v2\/posts\/79853","targetHints":{"allow":["GET"]}}],"collection":[{"href":"https:\/\/www.egemtv.com\/index.php?rest_route=\/wp\/v2\/posts"}],"about":[{"href":"https:\/\/www.egemtv.com\/index.php?rest_route=\/wp\/v2\/types\/post"}],"author":[{"embeddable":true,"href":"https:\/\/www.egemtv.com\/index.php?rest_route=\/wp\/v2\/users\/1"}],"replies":[{"embeddable":true,"href":"https:\/\/www.egemtv.com\/index.php?rest_route=%2Fwp%2Fv2%2Fcomments&post=79853"}],"version-history":[{"count":1,"href":"https:\/\/www.egemtv.com\/index.php?rest_route=\/wp\/v2\/posts\/79853\/revisions"}],"predecessor-version":[{"id":79855,"href":"https:\/\/www.egemtv.com\/index.php?rest_route=\/wp\/v2\/posts\/79853\/revisions\/79855"}],"wp:featuredmedia":[{"embeddable":true,"href":"https:\/\/www.egemtv.com\/index.php?rest_route=\/wp\/v2\/media\/79854"}],"wp:attachment":[{"href":"https:\/\/www.egemtv.com\/index.php?rest_route=%2Fwp%2Fv2%2Fmedia&parent=79853"}],"wp:term":[{"taxonomy":"category","embeddable":true,"href":"https:\/\/www.egemtv.com\/index.php?rest_route=%2Fwp%2Fv2%2Fcategories&post=79853"},{"taxonomy":"post_tag","embeddable":true,"href":"https:\/\/www.egemtv.com\/index.php?rest_route=%2Fwp%2Fv2%2Ftags&post=79853"}],"curies":[{"name":"wp","href":"https:\/\/api.w.org\/{rel}","templated":true}]}}