{"id":79850,"date":"2026-01-10T15:14:41","date_gmt":"2026-01-10T12:14:41","guid":{"rendered":"https:\/\/www.egemtv.com\/?p=79850"},"modified":"2026-01-10T15:14:42","modified_gmt":"2026-01-10T12:14:42","slug":"yagmurun-cokerttigi-yolda-insan-kemikleri-bulundu","status":"publish","type":"post","link":"https:\/\/www.egemtv.com\/?p=79850","title":{"rendered":"Ya\u011fmurun \u00e7\u00f6kertti\u011fi yolda insan kemikleri bulundu"},"content":{"rendered":"<p>MAN\u0130SA (\u0130HA) \u2013 Manisa\u2019n\u0131n Turgutlu il\u00e7esinde ya\u011f\u0131\u015flar\u0131n ard\u0131ndan meydana gelen yol \u00e7\u00f6kmesi sonras\u0131 yap\u0131lan incelemelerde, bir ki\u015fiye ait oldu\u011fu de\u011ferlendirilen kafatas\u0131 ve kemik par\u00e7alar\u0131 bulundu.<br \/>\n<br \/>Olay, Turgutlu il\u00e7esi \u0130stasyonalt\u0131 Mahallesi Yaprak Sokak\u2019ta ya\u015fand\u0131. Sokak \u00fczerindeki yolda hen\u00fcz bilinmeyen bir nedenle \u00e7\u00f6kme meydana geldi. \u00c7\u00f6ken alanda \u00e7evrede inceleme yapan vatanda\u015flar, toprak i\u00e7erisinde kemik par\u00e7alar\u0131 fark edince durumu polis ekiplerine bildirdi.<br \/>\n<br \/>\u0130hbar \u00fczerine b\u00f6lgeye emniyet g\u00fc\u00e7leri sevk edildi. Polis ekipleri \u00e7evrede g\u00fcvenlik \u00f6nlemleri alarak soka\u011f\u0131 yaya ve ara\u00e7 trafi\u011fine kapatt\u0131. Olay Yeri \u0130nceleme ekipleri ile belediye g\u00f6revlileri koordineli \u015fekilde kaz\u0131 ve inceleme \u00e7al\u0131\u015fmas\u0131 ger\u00e7ekle\u015ftirdi.<br \/>\n<br \/>Yap\u0131lan \u00e7al\u0131\u015fmalar sonucunda, y\u00fczeye yak\u0131n bir noktada insana ait oldu\u011fu de\u011ferlendirilen kafatas\u0131 ile \u00e7e\u015fitli kemik par\u00e7alar\u0131na ula\u015f\u0131ld\u0131. Buluntular, Cumhuriyet savc\u0131s\u0131n\u0131n talimat\u0131 do\u011frultusunda kimlik tespiti ve detayl\u0131 inceleme yap\u0131lmak \u00fczere Adli T\u0131p Kurumu\u2019na g\u00f6nderildi.<br \/>\n<br \/>Kemiklerin kime ait oldu\u011funun ve olay\u0131n ge\u00e7mi\u015finin belirlenmesi amac\u0131yla ba\u015flat\u0131lan soru\u015fturman\u0131n s\u00fcrd\u00fc\u011f\u00fc bildirildi. B\u00f6lgede ya\u015fayan baz\u0131 vatanda\u015flar ise alan\u0131n daha \u00f6nce eski bir mezarl\u0131k oldu\u011funu, bulunan kemiklerin de eski mezarlara ait olabilece\u011fini \u00f6ne s\u00fcrd\u00fc. Kesin sonu\u00e7lar\u0131n Adli T\u0131p Kurumu\u2019nda yap\u0131lacak incelemenin ard\u0131ndan netlik kazanaca\u011f\u0131 \u00f6\u011frenildi.<br \/><\/p>\n","protected":false},"excerpt":{"rendered":"<p>MAN\u0130SA (\u0130HA) \u2013 Manisa\u2019n\u0131n Turgutlu il\u00e7esinde ya\u011f\u0131\u015flar\u0131n ard\u0131ndan meydana gelen yol \u00e7\u00f6kmesi sonras\u0131 yap\u0131lan incelemelerde, bir ki\u015fiye ait oldu\u011fu de\u011ferlendirilen kafatas\u0131 ve kemik par\u00e7alar\u0131 bulundu. Olay, Turgutlu il\u00e7esi \u0130stasyonalt\u0131 Mahallesi Yaprak Sokak\u2019ta ya\u015fand\u0131. Sokak \u00fczerindeki yolda hen\u00fcz bilinmeyen bir nedenle \u00e7\u00f6kme meydana geldi. \u00c7\u00f6ken alanda \u00e7evrede inceleme yapan vatanda\u015flar, toprak i\u00e7erisinde kemik par\u00e7alar\u0131 fark edince&#8230;<\/p>\n","protected":false},"author":1,"featured_media":79851,"comment_status":"open","ping_status":"open","sticky":false,"template":"","format":"standard","meta":{"_crdt_document":"","footnotes":""},"categories":[5],"tags":[],"class_list":["post-79850","post","type-post","status-publish","format-standard","has-post-thumbnail","hentry","category-asayis"],"_links":{"self":[{"href":"https:\/\/www.egemtv.com\/index.php?rest_route=\/wp\/v2\/posts\/79850","targetHints":{"allow":["GET"]}}],"collection":[{"href":"https:\/\/www.egemtv.com\/index.php?rest_route=\/wp\/v2\/posts"}],"about":[{"href":"https:\/\/www.egemtv.com\/index.php?rest_route=\/wp\/v2\/types\/post"}],"author":[{"embeddable":true,"href":"https:\/\/www.egemtv.com\/index.php?rest_route=\/wp\/v2\/users\/1"}],"replies":[{"embeddable":true,"href":"https:\/\/www.egemtv.com\/index.php?rest_route=%2Fwp%2Fv2%2Fcomments&post=79850"}],"version-history":[{"count":1,"href":"https:\/\/www.egemtv.com\/index.php?rest_route=\/wp\/v2\/posts\/79850\/revisions"}],"predecessor-version":[{"id":79852,"href":"https:\/\/www.egemtv.com\/index.php?rest_route=\/wp\/v2\/posts\/79850\/revisions\/79852"}],"wp:featuredmedia":[{"embeddable":true,"href":"https:\/\/www.egemtv.com\/index.php?rest_route=\/wp\/v2\/media\/79851"}],"wp:attachment":[{"href":"https:\/\/www.egemtv.com\/index.php?rest_route=%2Fwp%2Fv2%2Fmedia&parent=79850"}],"wp:term":[{"taxonomy":"category","embeddable":true,"href":"https:\/\/www.egemtv.com\/index.php?rest_route=%2Fwp%2Fv2%2Fcategories&post=79850"},{"taxonomy":"post_tag","embeddable":true,"href":"https:\/\/www.egemtv.com\/index.php?rest_route=%2Fwp%2Fv2%2Ftags&post=79850"}],"curies":[{"name":"wp","href":"https:\/\/api.w.org\/{rel}","templated":true}]}}