{"id":79847,"date":"2026-01-10T14:35:00","date_gmt":"2026-01-10T11:35:00","guid":{"rendered":"https:\/\/www.egemtv.com\/?p=79847"},"modified":"2026-01-10T14:35:02","modified_gmt":"2026-01-10T11:35:02","slug":"kazi-degil-izinsiz-guclendirme-yapilmis","status":"publish","type":"post","link":"https:\/\/www.egemtv.com\/?p=79847","title":{"rendered":"Kaz\u0131 de\u011fil izinsiz g\u00fc\u00e7lendirme yap\u0131lm\u0131\u015f"},"content":{"rendered":"<p>Denizli\u2019nin Buldan il\u00e7esinde bulunan yakla\u015f\u0131k 3 as\u0131rl\u0131k tarihi hamamda ka\u00e7ak kaz\u0131 yap\u0131ld\u0131\u011f\u0131n\u0131 ihbar\u0131n\u0131 de\u011ferlendiren emniyet ekipleri, i\u00e7eride izinsiz tadilat yap\u0131ld\u0131\u011f\u0131n\u0131 tespit etti.<\/p>\n<p>Buldan\u2019\u0131n Hamambo\u011faz\u0131 b\u00f6lgesinde bulunan 300 y\u0131ll\u0131k hamamda kaz\u0131 de\u011fil tadilat \u00e7al\u0131\u015fmalar\u0131n\u0131n yap\u0131ld\u0131\u011f\u0131 \u0130l\u00e7e Emniyet M\u00fcd\u00fcrl\u00fc\u011f\u00fc ekipleri taraf\u0131ndan tespit edildi. Kaz\u0131 \u00e7al\u0131\u015fmalar\u0131 yap\u0131ld\u0131\u011f\u0131 haberinin ihbar kabul edilmesi \u00fczerine ivedilikle Buldan \u0130l\u00e7e Emniyet M\u00fcd\u00fcrl\u00fc\u011f\u00fc ekiplerince tarihi hamamda inceleme yap\u0131lm\u0131\u015f, yap\u0131lan incelemeler neticesinde ka\u00e7ak kaz\u0131 olay\u0131n\u0131n olmad\u0131\u011f\u0131, hamamda izinsiz \u015fekilde in\u015faat \u00e7al\u0131\u015fmas\u0131 yap\u0131larak g\u00fc\u00e7lendirme tadilat\u0131n\u0131n yap\u0131ld\u0131\u011f\u0131 anla\u015f\u0131ld\u0131.<\/p>\n<p>Yap\u0131lan i\u015flemlerin 1. derecede sit alan\u0131 olan b\u00f6lgede ger\u00e7ekle\u015fti\u011fi ve gerekli izinlerin al\u0131n\u0131p al\u0131nmad\u0131\u011f\u0131n\u0131n tespiti i\u00e7in ara\u015ft\u0131rma yap\u0131larak adli i\u015flemlerin ba\u015flat\u0131ld\u0131\u011f\u0131 \u00f6\u011frenildi.<br \/><\/p>\n","protected":false},"excerpt":{"rendered":"<p>Denizli\u2019nin Buldan il\u00e7esinde bulunan yakla\u015f\u0131k 3 as\u0131rl\u0131k tarihi hamamda ka\u00e7ak kaz\u0131 yap\u0131ld\u0131\u011f\u0131n\u0131 ihbar\u0131n\u0131 de\u011ferlendiren emniyet ekipleri, i\u00e7eride izinsiz tadilat yap\u0131ld\u0131\u011f\u0131n\u0131 tespit etti. Buldan\u2019\u0131n Hamambo\u011faz\u0131 b\u00f6lgesinde bulunan 300 y\u0131ll\u0131k hamamda kaz\u0131 de\u011fil tadilat \u00e7al\u0131\u015fmalar\u0131n\u0131n yap\u0131ld\u0131\u011f\u0131 \u0130l\u00e7e Emniyet M\u00fcd\u00fcrl\u00fc\u011f\u00fc ekipleri taraf\u0131ndan tespit edildi. Kaz\u0131 \u00e7al\u0131\u015fmalar\u0131 yap\u0131ld\u0131\u011f\u0131 haberinin ihbar kabul edilmesi \u00fczerine ivedilikle Buldan \u0130l\u00e7e Emniyet M\u00fcd\u00fcrl\u00fc\u011f\u00fc ekiplerince&#8230;<\/p>\n","protected":false},"author":1,"featured_media":79848,"comment_status":"open","ping_status":"open","sticky":false,"template":"","format":"standard","meta":{"_crdt_document":"","footnotes":""},"categories":[5],"tags":[],"class_list":["post-79847","post","type-post","status-publish","format-standard","has-post-thumbnail","hentry","category-asayis"],"_links":{"self":[{"href":"https:\/\/www.egemtv.com\/index.php?rest_route=\/wp\/v2\/posts\/79847","targetHints":{"allow":["GET"]}}],"collection":[{"href":"https:\/\/www.egemtv.com\/index.php?rest_route=\/wp\/v2\/posts"}],"about":[{"href":"https:\/\/www.egemtv.com\/index.php?rest_route=\/wp\/v2\/types\/post"}],"author":[{"embeddable":true,"href":"https:\/\/www.egemtv.com\/index.php?rest_route=\/wp\/v2\/users\/1"}],"replies":[{"embeddable":true,"href":"https:\/\/www.egemtv.com\/index.php?rest_route=%2Fwp%2Fv2%2Fcomments&post=79847"}],"version-history":[{"count":1,"href":"https:\/\/www.egemtv.com\/index.php?rest_route=\/wp\/v2\/posts\/79847\/revisions"}],"predecessor-version":[{"id":79849,"href":"https:\/\/www.egemtv.com\/index.php?rest_route=\/wp\/v2\/posts\/79847\/revisions\/79849"}],"wp:featuredmedia":[{"embeddable":true,"href":"https:\/\/www.egemtv.com\/index.php?rest_route=\/wp\/v2\/media\/79848"}],"wp:attachment":[{"href":"https:\/\/www.egemtv.com\/index.php?rest_route=%2Fwp%2Fv2%2Fmedia&parent=79847"}],"wp:term":[{"taxonomy":"category","embeddable":true,"href":"https:\/\/www.egemtv.com\/index.php?rest_route=%2Fwp%2Fv2%2Fcategories&post=79847"},{"taxonomy":"post_tag","embeddable":true,"href":"https:\/\/www.egemtv.com\/index.php?rest_route=%2Fwp%2Fv2%2Ftags&post=79847"}],"curies":[{"name":"wp","href":"https:\/\/api.w.org\/{rel}","templated":true}]}}